{"id":56316,"date":"2025-05-14T13:39:00","date_gmt":"2025-05-14T16:39:00","guid":{"rendered":"https:\/\/www.radiopresidenteibanez.cl\/web\/?p=56316"},"modified":"2025-05-14T10:07:24","modified_gmt":"2025-05-14T13:07:24","slug":"seccion-regional-de-dd-hh-realiza-difusion-para-captar-nuevos-postulantes-a-la-esfocar","status":"publish","type":"post","link":"https:\/\/www.radiopresidenteibanez.cl\/web\/seccion-regional-de-dd-hh-realiza-difusion-para-captar-nuevos-postulantes-a-la-esfocar\/","title":{"rendered":"SECCI\u00d3N REGIONAL DE DD.HH REALIZA DIFUSI\u00d3N PARA CAPTAR NUEVOS POSTULANTES\u00a0 A LA ESFOCAR"},"content":{"rendered":"\n<p>Durante la presente semana, la Secci\u00f3n Regional de Derechos Humanos y Protecci\u00f3n de la Familia de la Zona de Carabineros Magallanes y Ant\u00e1rtica Chilena, ha trabajado en diferentes acciones comunicacionales.<\/p>\n\n\n\n<p>La informaci\u00f3n fue proporcionada por el Mayor (J) de Justicia de Carabineros de Chile &#8211; Juan Pablo Gatica Pe\u00f1a, quien inform\u00f3 sobre el quehacer policial de la secci\u00f3n regional de derechos humanos y protecci\u00f3n de la familia de Carabineros de Chile en la comuna de punta arenas.<\/p>\n\n\n\n<p>\u201cEsta semana, estamos terminando el primer curso de derechos humanos aplicable a la funci\u00f3n policial realizado en la comuna, y el segundo a nivel regional, de este primer semestre.<\/p>\n\n\n\n<p>Por otra parte, hemos dado inicio a una serie de charlas con los estudiantes de ense\u00f1anza b\u00e1sica y media de la ciudad, sobre la responsabilidad penal adolescente y tambi\u00e9n, sobre la tem\u00e1tica del ciberbullying.<\/p>\n\n\n\n<p>Finalmente, y no menos importante es, que nuestra visita a los distintos establecimientos educacionales, nos permite tener una instancia de cercan\u00eda, y conversaci\u00f3n directa con los j\u00f3venes, respecto de sus dudas en variados temas, como en aspectos legales, derechos humanos y las postulaciones a la Escuela de Formaci\u00f3n de Carabineros de Chile \u2013 Alguacil Mayor Juan G\u00f3mez de Almagro, siendo para nosotros un privilegio, el poder informarles, y aclarar sus dudas e inquietudes de manera presencial. En este sentido, deseo agradecer a nombre de nuestra instituci\u00f3n policial, a los distintos colegios, liceos e institutos de la ciudad, por facilitarnos el espacio para compartir con los estudiantes, puntualiz\u00f3 el Mayor Gatica\u201d.<\/p>\n","protected":false},"excerpt":{"rendered":"<p>Durante la presente semana, la Secci\u00f3n Regional de Derechos Humanos y Protecci\u00f3n de la Familia de la Zona de Carabineros Magallanes y Ant\u00e1rtica Chilena, ha trabajado en diferentes acciones comunicacionales&#8230;. <a class=\"read-more\" href=\"https:\/\/www.radiopresidenteibanez.cl\/web\/seccion-regional-de-dd-hh-realiza-difusion-para-captar-nuevos-postulantes-a-la-esfocar\/\">Leer m\u00e1s<\/a><\/p>\n","protected":false},"author":2,"featured_media":56317,"comment_status":"closed","ping_status":"closed","sticky":false,"template":"","format":"standard","meta":{"footnotes":""},"categories":[1],"tags":[],"class_list":["post-56316","post","type-post","status-publish","format-standard","has-post-thumbnail","hentry","category-cronica"],"_links":{"self":[{"href":"https:\/\/www.radiopresidenteibanez.cl\/web\/wp-json\/wp\/v2\/posts\/56316","targetHints":{"allow":["GET"]}}],"collection":[{"href":"https:\/\/www.radiopresidenteibanez.cl\/web\/wp-json\/wp\/v2\/posts"}],"about":[{"href":"https:\/\/www.radiopresidenteibanez.cl\/web\/wp-json\/wp\/v2\/types\/post"}],"author":[{"embeddable":true,"href":"https:\/\/www.radiopresidenteibanez.cl\/web\/wp-json\/wp\/v2\/users\/2"}],"replies":[{"embeddable":true,"href":"https:\/\/www.radiopresidenteibanez.cl\/web\/wp-json\/wp\/v2\/comments?post=56316"}],"version-history":[{"count":0,"href":"https:\/\/www.radiopresidenteibanez.cl\/web\/wp-json\/wp\/v2\/posts\/56316\/revisions"}],"wp:featuredmedia":[{"embeddable":true,"href":"https:\/\/www.radiopresidenteibanez.cl\/web\/wp-json\/wp\/v2\/media\/56317"}],"wp:attachment":[{"href":"https:\/\/www.radiopresidenteibanez.cl\/web\/wp-json\/wp\/v2\/media?parent=56316"}],"wp:term":[{"taxonomy":"category","embeddable":true,"href":"https:\/\/www.radiopresidenteibanez.cl\/web\/wp-json\/wp\/v2\/categories?post=56316"},{"taxonomy":"post_tag","embeddable":true,"href":"https:\/\/www.radiopresidenteibanez.cl\/web\/wp-json\/wp\/v2\/tags?post=56316"}],"curies":[{"name":"wp","href":"https:\/\/api.w.org\/{rel}","templated":true}]}}