{"id":56313,"date":"2025-05-14T12:06:00","date_gmt":"2025-05-14T15:06:00","guid":{"rendered":"https:\/\/www.radiopresidenteibanez.cl\/web\/?p=56313"},"modified":"2025-05-14T09:48:06","modified_gmt":"2025-05-14T12:48:06","slug":"diputado-matheson-pide-a-ejecutivo-poner-urgencia-a-proyecto-de-ley-que-verifica-requisitos-legales-de-candidatos","status":"publish","type":"post","link":"https:\/\/www.radiopresidenteibanez.cl\/web\/diputado-matheson-pide-a-ejecutivo-poner-urgencia-a-proyecto-de-ley-que-verifica-requisitos-legales-de-candidatos\/","title":{"rendered":"Diputado Matheson pide a Ejecutivo poner urgencia a proyecto de ley que verifica requisitos legales de candidatos"},"content":{"rendered":"\n<p>A poco m\u00e1s de seis meses de las pr\u00f3ximas elecciones parlamentarias, el diputado Christian Matheson pidi\u00f3 este lunes al Ejecutivo calificar con urgencia \u201csuma\u201d el proyecto de ley ingresado en mayo de 2023, que busca que el Servicio Electoral, en uso de sus facultades legales y dentro del principio de colaboraci\u00f3n de los organismos del Estado, solicite al Servicio de Registro Civil e Identificaci\u00f3n la documentaci\u00f3n necesaria, por oficio o por sistema interconectado, para verificar el cumplimiento de los requisitos legales de los candidatos a un cargo de elecci\u00f3n popular. En espec\u00edfico, la iniciativa propone que se obtenga una copia del extracto de filiaci\u00f3n, el que da certezas sobre las condenas que posee una persona a\u00fan haya solicitado \u201cborrar\u201d sus antecedentes penales del certificado del mismo nombre.<\/p>\n\n\n\n<p>Para el legislador, la propuesta legal tiene como finalidad \u201celevar los est\u00e1ndares de revisi\u00f3n con que deben ser analizadas por el Servicio Electoral las candidaturas de los postulantes a cargos p\u00fablicos\u201d.<\/p>\n\n\n\n<p>El parlamentario magall\u00e1nico explic\u00f3 que \u201cel objetivo del Servel es administrar, supervigilar y fiscalizar el proceso de inscripci\u00f3n electoral, y de supervigilar y fiscalizar el cumplimiento de las normas sobre campa\u00f1as electorales\u201d.<\/p>\n\n\n\n<p>En ese sentido, Matheson subray\u00f3 que la iniciativa \u201ccolabora en las funciones y atribuciones del Servel y su director, en cuanto celebrar convenios especiales para la ejecuci\u00f3n de estudios, investigaciones o programas que tengan por objeto el mejor cumplimiento o la difusi\u00f3n de los fines del servicio, y de requerir, personalmente o a trav\u00e9s de los subdirectores, los antecedentes necesarios de los distintos \u00f3rganos del Estado para el examen de las situaciones comprendidas en el \u00e1mbito de su competencia\u201d.<\/p>\n\n\n\n<p>El diputado finaliz\u00f3 se\u00f1alando que \u201clo que no queremos que vuelva a ocurrir, es que candidatos que se encuentran con una inhabilidad o prohibici\u00f3n para postular a cargos de representaci\u00f3n popular, puedan hacerlo sin que se revisen sus antecedentes, como s\u00ed ocurri\u00f3 para el Consejo Constitucional\u201d.<\/p>\n","protected":false},"excerpt":{"rendered":"<p>A poco m\u00e1s de seis meses de las pr\u00f3ximas elecciones parlamentarias, el diputado Christian Matheson pidi\u00f3 este lunes al Ejecutivo calificar con urgencia \u201csuma\u201d el proyecto de ley ingresado en&#8230; <a class=\"read-more\" href=\"https:\/\/www.radiopresidenteibanez.cl\/web\/diputado-matheson-pide-a-ejecutivo-poner-urgencia-a-proyecto-de-ley-que-verifica-requisitos-legales-de-candidatos\/\">Leer m\u00e1s<\/a><\/p>\n","protected":false},"author":2,"featured_media":56314,"comment_status":"closed","ping_status":"closed","sticky":false,"template":"","format":"standard","meta":{"footnotes":""},"categories":[1],"tags":[],"class_list":["post-56313","post","type-post","status-publish","format-standard","has-post-thumbnail","hentry","category-cronica"],"_links":{"self":[{"href":"https:\/\/www.radiopresidenteibanez.cl\/web\/wp-json\/wp\/v2\/posts\/56313","targetHints":{"allow":["GET"]}}],"collection":[{"href":"https:\/\/www.radiopresidenteibanez.cl\/web\/wp-json\/wp\/v2\/posts"}],"about":[{"href":"https:\/\/www.radiopresidenteibanez.cl\/web\/wp-json\/wp\/v2\/types\/post"}],"author":[{"embeddable":true,"href":"https:\/\/www.radiopresidenteibanez.cl\/web\/wp-json\/wp\/v2\/users\/2"}],"replies":[{"embeddable":true,"href":"https:\/\/www.radiopresidenteibanez.cl\/web\/wp-json\/wp\/v2\/comments?post=56313"}],"version-history":[{"count":0,"href":"https:\/\/www.radiopresidenteibanez.cl\/web\/wp-json\/wp\/v2\/posts\/56313\/revisions"}],"wp:featuredmedia":[{"embeddable":true,"href":"https:\/\/www.radiopresidenteibanez.cl\/web\/wp-json\/wp\/v2\/media\/56314"}],"wp:attachment":[{"href":"https:\/\/www.radiopresidenteibanez.cl\/web\/wp-json\/wp\/v2\/media?parent=56313"}],"wp:term":[{"taxonomy":"category","embeddable":true,"href":"https:\/\/www.radiopresidenteibanez.cl\/web\/wp-json\/wp\/v2\/categories?post=56313"},{"taxonomy":"post_tag","embeddable":true,"href":"https:\/\/www.radiopresidenteibanez.cl\/web\/wp-json\/wp\/v2\/tags?post=56313"}],"curies":[{"name":"wp","href":"https:\/\/api.w.org\/{rel}","templated":true}]}}