{"id":56301,"date":"2025-05-13T18:49:00","date_gmt":"2025-05-13T21:49:00","guid":{"rendered":"https:\/\/www.radiopresidenteibanez.cl\/web\/?p=56301"},"modified":"2025-05-13T16:18:09","modified_gmt":"2025-05-13T19:18:09","slug":"comunidad-de-puerto-williams-participa-activamente-en-segunda-feria-de-organismos-de-emergencias","status":"publish","type":"post","link":"https:\/\/www.radiopresidenteibanez.cl\/web\/comunidad-de-puerto-williams-participa-activamente-en-segunda-feria-de-organismos-de-emergencias\/","title":{"rendered":"Comunidad de Puerto Williams participa activamente en segunda feria de organismos de emergencias"},"content":{"rendered":"\n<p>Con el prop\u00f3sito de acercar a la comunidad las diversas labores que ejecutan organismos que se enfrentan a emergencias y desastres en Puerto Williams, se llev\u00f3 a cabo la segunda edici\u00f3n de una feria en relaci\u00f3n a estas tem\u00e1ticas, actividad organizada por la Delegaci\u00f3n Presidencial Provincial de la Ant\u00e1rtica Chilena en colaboraci\u00f3n con la Armada de Chile.<\/p>\n\n\n\n<p>La instancia denominada \u201cConozcamos a los organismos de emergencias y desastres\u201d, se realiz\u00f3 en el Gimnasio Naval de la capital provincial, e incluy\u00f3 stands de siete instituciones establecidas en la zona: Armada de Chile, Carabineros, DGAC, Bomberos, Conaf, Seremi de Salud y Hospital Comunitario Cristina Calder\u00f3n. Aqu\u00ed, p\u00e1rvulas y p\u00e1rvulos, acompa\u00f1ados de sus educadoras y familiares, conocieron de forma did\u00e1ctica los modos de trabajar de las entidades ante distintos siniestros.<\/p>\n\n\n\n<p>La delegada presidencial provincial de la Ant\u00e1rtica Chilena, Constanza Calisto Gallardo, recalc\u00f3 la importancia de reforzar la divulgaci\u00f3n a la comunidad respecto a c\u00f3mo operan las instituciones frente a las diversas amenazas que pudieran afectarles, en un evento planificado de forma previa al reciente terremoto que se registr\u00f3 en la provincia, y enmarcado en el Programa Invierno 2025 que los Comit\u00e9s para la Gesti\u00f3n del Riesgo de Desastres (Cogrid) de los niveles nacional, regional y provincial est\u00e1n desarrollando de manera preventiva ante las emergencias clim\u00e1ticas.<\/p>\n\n\n\n<p>\u201cNosotros trabajamos junto a todas las instituciones y las organizaciones que se enfrentan a situaciones de emergencias y desastres, donde tenemos que destacar siempre la colaboraci\u00f3n que tenemos. Aqu\u00ed est\u00e1 el inter\u00e9s de poder participar y entregar estos conocimientos, y adem\u00e1s de informarle a la comunidad cu\u00e1les son las capacidades operativas que cada uno tiene\u201d, manifest\u00f3 la m\u00e1xima autoridad provincial.<\/p>\n\n\n\n<p>Asimismo, la delegada Calisto recalc\u00f3 la participaci\u00f3n ciudadana, especialmente de la comunidad educativa de los jardines infantiles Junji \u201cUkika\u201d y \u201cT\u00e1nana\u201d, adem\u00e1s de la perteneciente al Servicio de Bienestar de la Armada de Chile, \u201cPeque\u00f1os Colonos\u201d. \u201cSon valiosos agentes de cambio, ya que impulsan a los adultos para evitar la contaminaci\u00f3n y aprender cu\u00e1les son las capacidades de los distintos organismos que hoy en d\u00eda se enfrentan, los cuales van a estar siempre dispuestos y latentes a cualquier emergencia que pueda tener la comunidad de la Provincia Ant\u00e1rtica Chilena\u201d, sostuvo.<\/p>\n\n\n\n<p>Por su parte, el director regional de Senapred Magallanes, Juan Carlos Andrades, quien estuvo presente en la actividad en medio de su despliegue en la ciudad de Isla Navarino, coment\u00f3 que \u201cla intencionalidad es sensibilizar a toda la poblaci\u00f3n respecto a los niveles de preparaci\u00f3n y las capacidades que tiene la provincia en los diferentes \u00e1mbitos y servicios que provee el Estado. Es una muy buena iniciativa y coincide en estos momentos con el lanzamiento del Programa Invierno, donde trabaja el Estado en conjunto con los territorios para preparar el invierno, y trabajar cada uno de los puntos cr\u00edticos que debemos enfrentar en forma anticipada, mitigando y desarrollando capacidades para enfrentar de la mejor forma el crudo invierno de nuestra Regi\u00f3n de Magallanes y Ant\u00e1rtica Chilena\u201d.<\/p>\n\n\n\n<p>En tanto, el comandante del Distrito Naval Beagle y gobernador mar\u00edtimo de Puerto Williams, capit\u00e1n de nav\u00edo Manuel Iturria, detall\u00f3 que por parte de la instituci\u00f3n que representa, se present\u00f3 la brigada forestal de la Armada, las acciones de la Polic\u00eda Mar\u00edtima y se hicieron demostraciones de c\u00f3mo contener derrames de sustancias oleosas en el mar. \u201cEs una tremenda oportunidad para que la comunidad se acerque y pueda ver de primera mano qu\u00e9 es lo que est\u00e1 disponible para atender aquellas emergencias que en nuestro pa\u00eds ocurren habitualmente. Y adem\u00e1s, tener la posibilidad de que los ni\u00f1os tambi\u00e9n puedan conocer y tener actividades distintas para acercarse a estos organismos de seguridad\u201d, profundiz\u00f3 la autoridad naval.<\/p>\n","protected":false},"excerpt":{"rendered":"<p>Con el prop\u00f3sito de acercar a la comunidad las diversas labores que ejecutan organismos que se enfrentan a emergencias y desastres en Puerto Williams, se llev\u00f3 a cabo la segunda&#8230; <a class=\"read-more\" href=\"https:\/\/www.radiopresidenteibanez.cl\/web\/comunidad-de-puerto-williams-participa-activamente-en-segunda-feria-de-organismos-de-emergencias\/\">Leer m\u00e1s<\/a><\/p>\n","protected":false},"author":2,"featured_media":56302,"comment_status":"closed","ping_status":"closed","sticky":false,"template":"","format":"standard","meta":{"footnotes":""},"categories":[1],"tags":[],"class_list":["post-56301","post","type-post","status-publish","format-standard","has-post-thumbnail","hentry","category-cronica"],"_links":{"self":[{"href":"https:\/\/www.radiopresidenteibanez.cl\/web\/wp-json\/wp\/v2\/posts\/56301","targetHints":{"allow":["GET"]}}],"collection":[{"href":"https:\/\/www.radiopresidenteibanez.cl\/web\/wp-json\/wp\/v2\/posts"}],"about":[{"href":"https:\/\/www.radiopresidenteibanez.cl\/web\/wp-json\/wp\/v2\/types\/post"}],"author":[{"embeddable":true,"href":"https:\/\/www.radiopresidenteibanez.cl\/web\/wp-json\/wp\/v2\/users\/2"}],"replies":[{"embeddable":true,"href":"https:\/\/www.radiopresidenteibanez.cl\/web\/wp-json\/wp\/v2\/comments?post=56301"}],"version-history":[{"count":0,"href":"https:\/\/www.radiopresidenteibanez.cl\/web\/wp-json\/wp\/v2\/posts\/56301\/revisions"}],"wp:featuredmedia":[{"embeddable":true,"href":"https:\/\/www.radiopresidenteibanez.cl\/web\/wp-json\/wp\/v2\/media\/56302"}],"wp:attachment":[{"href":"https:\/\/www.radiopresidenteibanez.cl\/web\/wp-json\/wp\/v2\/media?parent=56301"}],"wp:term":[{"taxonomy":"category","embeddable":true,"href":"https:\/\/www.radiopresidenteibanez.cl\/web\/wp-json\/wp\/v2\/categories?post=56301"},{"taxonomy":"post_tag","embeddable":true,"href":"https:\/\/www.radiopresidenteibanez.cl\/web\/wp-json\/wp\/v2\/tags?post=56301"}],"curies":[{"name":"wp","href":"https:\/\/api.w.org\/{rel}","templated":true}]}}