{"id":56292,"date":"2025-05-13T16:53:00","date_gmt":"2025-05-13T19:53:00","guid":{"rendered":"https:\/\/www.radiopresidenteibanez.cl\/web\/?p=56292"},"modified":"2025-05-13T11:51:33","modified_gmt":"2025-05-13T14:51:33","slug":"vialidad-del-mop-firma-importante-convenio-de-colaboracion-con-sendapara-la-implementacion-del-programa-de-prevencion-del-consumo-de-alcohol-y-otras-drogas-en-espacios-laborales","status":"publish","type":"post","link":"https:\/\/www.radiopresidenteibanez.cl\/web\/vialidad-del-mop-firma-importante-convenio-de-colaboracion-con-sendapara-la-implementacion-del-programa-de-prevencion-del-consumo-de-alcohol-y-otras-drogas-en-espacios-laborales\/","title":{"rendered":"Vialidad del MOP firma importante convenio de colaboraci\u00f3n con Sendapara la implementaci\u00f3n del programa de prevenci\u00f3n del consumo de alcohol y otras drogas en espacios laborales"},"content":{"rendered":"\n<p>La Direcci\u00f3n de Vialidad del Ministerio de Obras P\u00fablicas, firm\u00f3 un importante<br>convenio de colaboraci\u00f3n con el Servicio Nacional para la Prevenci\u00f3n y<br>Rehabilitaci\u00f3n del Consumo de Drogas y Alcohol (Senda), para la<br>implementaci\u00f3n del \u201cPrograma de Prevenci\u00f3n del Consumo de Alcohol y otras<br>Drogas en Espacios Laborales, Trabajar con Calidad de Vida\u201d.<br>El SENDA es un servicio p\u00fablico descentralizado, dotado de personalidad jur\u00eddica<br>y patrimonio propio, encargado del dise\u00f1o, elaboraci\u00f3n e implementaci\u00f3n de las<br>pol\u00edticas en materia de prevenci\u00f3n del consumo de estupefacientes, sustancias<br>psicotr\u00f3picas e ingesta abusiva de alcohol, y del tratamiento, rehabilitaci\u00f3n e<br>integraci\u00f3n social de las personas afectadas por el consumo de dichas<br>sustancias. Asimismo, le compete el dise\u00f1o, elaboraci\u00f3n e implementaci\u00f3n de<br>una \u201cEstrategia Nacional de Drogas y Alcohol\u201d.<br>En cumplimiento de dicho objeto, el SENDA est\u00e1 facultado para, entre otras<br>acciones, suscribir convenios y celebrar protocolos de colaboraci\u00f3n con diversas<br>instituciones p\u00fablicas o privadas que digan relaci\u00f3n con la ejecuci\u00f3n de las<br>pol\u00edticas, planes y programas de prevenci\u00f3n del consumo de drogas y alcohol,<br>as\u00ed como con el tratamiento, rehabilitaci\u00f3n e integraci\u00f3n social de las personas<br>que presentan un consumo problem\u00e1tico de drogas y\/o alcohol.<br>En este marco se realiz\u00f3 la firma de convenio con la Direcci\u00f3n de Vialidad del<br>Ministerio de Obras P\u00fablicas, representada por el Director (s) Sebasti\u00e1n<br>Schadenberg.<br>PROGRAMA \u201cTRABAJAR CON CALIDAD DE VIDA\u201d<br>El programa \u201cTrabajar con Calidad de Vida\u201d es un programa que el SENDA<br>implementa a trav\u00e9s de una metodolog\u00eda participativa, auto-aplicada y dirigida<br>a un equipo que representa a todos los estamentos de la organizaci\u00f3n, y que<br>tiene como objetivo \u201cHabilitar a las organizaciones en el desarrollo de una<br>estrategia sostenida y efectiva de prevenci\u00f3n del consumo de drogas y alcohol<br>que contribuya a mejorar la calidad de vida laboral, potenciando factores<br>protectores y disminuyendo factores de riesgo en espacios laborales\u201d.<br>El Seremi de Obras P\u00fablicas, Jos\u00e9 Luis Hern\u00e1ndez, destac\u00f3 la importancia del<br>abordaje preventivo, que consiste en la elaboraci\u00f3n e implementaci\u00f3n de<br>distintas l\u00edneas preventivas definidas por acciones de car\u00e1cter promocional,<br>educacional y procedimental que modifiquen el ambiente de trabajo y<br>propendan a mejorar la calidad de vida laboral al interior de Vialidad MOP,<br>contribuyendo al establecimiento de una cultura preventiva del consumo de<br>drogas y alcohol.<br>La implementaci\u00f3n y desarrollo del programa contempla siete etapas, a las que<br>la organizaci\u00f3n voluntariamente accede, en donde se considera el<br>asesoramiento y apoyo directo del SENDA a trav\u00e9s de 8 sesiones de taller,<br>distribuidos en dos a\u00f1os continuados de implementaci\u00f3n, con metodolog\u00edas y<br>objetivos establecidos para cada uno.<br>COLABORACI\u00d3N Y COMPROMISOS DEL ACUERDO<br>Con el presente acuerdo el SENDA se compromete a:<\/p>\n\n\n\n<ol class=\"wp-block-list\">\n<li>Asesorar y capacitar al Equipo Preventivo Coordinador (EPC) de Vialidad en<br>el abordaje de la problem\u00e1tica de las drogas y en la elaboraci\u00f3n de la<br>pol\u00edtica y su plan de acci\u00f3n para prevenir el uso de drogas en el trabajo y<br>en la familia. Para efectos de lo anterior, el SENDA dispondr\u00e1 de un<br>profesional que asesore a la organizaci\u00f3n en la implementaci\u00f3n del<br>Programa.<\/li>\n\n\n\n<li>Facilitar el material t\u00e9cnico necesario para el desarrollo de las etapas.<\/li>\n\n\n\n<li>Entregar capacitaciones del programa de \u201cHabilidades Preventivas<br>Parentales\u201d y el material pedag\u00f3gico complementario, una vez puesta en<br>marcha la \u201cImplementaci\u00f3n del Plan de Acci\u00f3n y Acompa\u00f1amiento\u201d, como<br>complemento a aquellas iniciativas del plan de acci\u00f3n que se ejecuten de<br>forma aut\u00f3noma por la organizaci\u00f3n.<br>Por su parte, Vialidad se compromete a:<\/li>\n\n\n\n<li>Implementar, desarrollar y hacer viable la ejecuci\u00f3n del programa de<br>prevenci\u00f3n, denominado \u201cTrabajar con Calidad de Vida\u201d, considerando las<br>fechas asociadas al cronograma definido para esto.<\/li>\n\n\n\n<li>Facilitar el acceso de los representantes del SENDA a las dependencias de<br>la organizaci\u00f3n.<\/li>\n<\/ol>\n\n\n\n<p>3<\/p>\n\n\n\n<ol start=\"3\" class=\"wp-block-list\">\n<li>Promover la adherencia y participaci\u00f3n de sus trabajadores, as\u00ed como<br>garantizar, dentro de la jornada laboral, que los mismos dispongan de los<br>tiempos necesarios para la implementaci\u00f3n del programa en todas sus<br>etapas.<\/li>\n\n\n\n<li>Designar el EPC, integrado, a lo menos, por un representante directivo de<br>la organizaci\u00f3n, un representante de los funcionarios y cuatro funcionarios<br>vinculados al \u00e1rea de recursos humanos, bienestar, prevenci\u00f3n de riesgos,<br>salud ocupacional, etc. Por lo tanto, el equipo deber\u00e1, al menos, estar<br>conformado por cinco personas. Adem\u00e1s, deber\u00e1 nombrar un responsable<br>quien ser\u00e1 el encargado de relacionarse con el SENDA, es decir, la<br>contraparte.<\/li>\n\n\n\n<li>Mantener reuniones peri\u00f3dicas, asegurando la ejecuci\u00f3n del programa en<br>los plazos comprometidos en el cronograma del programa \u201cTrabajar con<br>Calidad de Vida\u201d. De esta manera, el referido cronograma obliga a la<br>organizaci\u00f3n y a SENDA a respetar los plazos all\u00ed establecidos.<\/li>\n\n\n\n<li>Divulgar y difundir las acciones del programa al interior de la organizaci\u00f3n<br>durante todo el proceso de ejecuci\u00f3n de este.<\/li>\n\n\n\n<li>Respetar el anonimato, confidencialidad y privacidad de los datos<br>recopilados en el proceso de aplicaci\u00f3n de la encuesta diagn\u00f3stica, como<br>en el proceso de an\u00e1lisis de resultados, y en todo el desarrollo del<br>programa. Lo anterior, en conformidad a la legislaci\u00f3n vigente y las<br>orientaciones entregadas por el SENDA.<\/li>\n\n\n\n<li>Garantizar que la pol\u00edtica preventiva elaborada sea validada internamente<br>y adjuntada al reglamento de higiene y seguridad de la organizaci\u00f3n<br>durante la \u201cImplementaci\u00f3n del Plan de Acci\u00f3n y Acompa\u00f1amiento\u201d.<\/li>\n<\/ol>\n","protected":false},"excerpt":{"rendered":"<p>La Direcci\u00f3n de Vialidad del Ministerio de Obras P\u00fablicas, firm\u00f3 un importanteconvenio de colaboraci\u00f3n con el Servicio Nacional para la Prevenci\u00f3n yRehabilitaci\u00f3n del Consumo de Drogas y Alcohol (Senda), para&#8230; <a class=\"read-more\" href=\"https:\/\/www.radiopresidenteibanez.cl\/web\/vialidad-del-mop-firma-importante-convenio-de-colaboracion-con-sendapara-la-implementacion-del-programa-de-prevencion-del-consumo-de-alcohol-y-otras-drogas-en-espacios-laborales\/\">Leer m\u00e1s<\/a><\/p>\n","protected":false},"author":2,"featured_media":56293,"comment_status":"closed","ping_status":"closed","sticky":false,"template":"","format":"standard","meta":{"footnotes":""},"categories":[1],"tags":[],"class_list":["post-56292","post","type-post","status-publish","format-standard","has-post-thumbnail","hentry","category-cronica"],"_links":{"self":[{"href":"https:\/\/www.radiopresidenteibanez.cl\/web\/wp-json\/wp\/v2\/posts\/56292","targetHints":{"allow":["GET"]}}],"collection":[{"href":"https:\/\/www.radiopresidenteibanez.cl\/web\/wp-json\/wp\/v2\/posts"}],"about":[{"href":"https:\/\/www.radiopresidenteibanez.cl\/web\/wp-json\/wp\/v2\/types\/post"}],"author":[{"embeddable":true,"href":"https:\/\/www.radiopresidenteibanez.cl\/web\/wp-json\/wp\/v2\/users\/2"}],"replies":[{"embeddable":true,"href":"https:\/\/www.radiopresidenteibanez.cl\/web\/wp-json\/wp\/v2\/comments?post=56292"}],"version-history":[{"count":0,"href":"https:\/\/www.radiopresidenteibanez.cl\/web\/wp-json\/wp\/v2\/posts\/56292\/revisions"}],"wp:featuredmedia":[{"embeddable":true,"href":"https:\/\/www.radiopresidenteibanez.cl\/web\/wp-json\/wp\/v2\/media\/56293"}],"wp:attachment":[{"href":"https:\/\/www.radiopresidenteibanez.cl\/web\/wp-json\/wp\/v2\/media?parent=56292"}],"wp:term":[{"taxonomy":"category","embeddable":true,"href":"https:\/\/www.radiopresidenteibanez.cl\/web\/wp-json\/wp\/v2\/categories?post=56292"},{"taxonomy":"post_tag","embeddable":true,"href":"https:\/\/www.radiopresidenteibanez.cl\/web\/wp-json\/wp\/v2\/tags?post=56292"}],"curies":[{"name":"wp","href":"https:\/\/api.w.org\/{rel}","templated":true}]}}