{"id":5629,"date":"2019-07-09T15:20:27","date_gmt":"2019-07-09T15:20:27","guid":{"rendered":"http:\/\/www.radiopresidenteibanez.cl\/web\/?p=5629"},"modified":"2019-07-09T15:20:51","modified_gmt":"2019-07-09T15:20:51","slug":"punta-arenas-cchc-se-reunio-con-dos-seremis-para-analizar-el-desempleo-en-la-region-de-magallanes","status":"publish","type":"post","link":"https:\/\/www.radiopresidenteibanez.cl\/web\/punta-arenas-cchc-se-reunio-con-dos-seremis-para-analizar-el-desempleo-en-la-region-de-magallanes\/","title":{"rendered":"PUNTA ARENAS: CCHC SE REUNI\u00d3 CON DOS SEREMIS PARA ANALIZAR EL DESEMPLEO EN LA REGI\u00d3N DE MAGALLANES"},"content":{"rendered":"\n<p>La C\u00e1mara Chilena de la Construcci\u00f3n de Punta Arenas se reuni\u00f3 con la seremi del Trabajo y Previsi\u00f3n Social, Victoria Cort\u00e9s, y con la seremi de Econom\u00eda, Natalia Easton, con el objetivo de analizar el estado del empleo en la regi\u00f3n de Magallanes y Ant\u00e1rtica Chilena.<\/p>\n\n\n\n<p>\u201cEl tener reuniones peri\u00f3dicas con la C\u00e1mara es, sin duda, un tremendo aporte para la cartera de Econom\u00eda, dado que es un rubro muy significativo que genera productividad y crecimiento para la regi\u00f3n de Magallanes. El estar en sinton\u00eda con los nuevos proyectos de inversi\u00f3n de esta industria es muy relevante y seguiremos trabajando en esa misma l\u00ednea\u201d, indic\u00f3 Easton.<\/p>\n\n\n\n<p>Una de las tem\u00e1ticas abordadas en la reuni\u00f3n fue la cantidad de inversi\u00f3n privada en la regi\u00f3n y su impacto en los \u00edndices de cesant\u00eda. La situaci\u00f3n de Mina Invierno, que acumula a la fecha m\u00e1s de trescientos trabajadores desvinculados, tambi\u00e9n preocupa a las autoridades.<\/p>\n\n\n\n<p>\u201cAnalizamos la situaci\u00f3n actual del empleo en la regi\u00f3n. En esa l\u00ednea, se abord\u00f3 el reciente anuncio en materia de inversi\u00f3n en infraestructura p\u00fablica y de los subsidios habitacionales en la regi\u00f3n. Esperamos que esas obras absorban parte de la mano de obra que qued\u00f3 desempleada por el cierre programado de Mina Invierno. Es importante destacar tambi\u00e9n que muchos de los trabajadores de Mina Invierno son mano de obra calificada, por lo que la reinserci\u00f3n laboral en la regi\u00f3n es m\u00e1s compleja, por lo que se debe hacer un trabajo intenso en esta materia\u201d, concluy\u00f3 Jos\u00e9 Alvarado, presidente de la C\u00e1mara Chilena de la Construcci\u00f3n de Punta Arenas.<\/p>\n\n\n\n<figure class=\"wp-block-image\"><img loading=\"lazy\" decoding=\"async\" width=\"900\" height=\"600\" src=\"https:\/\/www.radiopresidenteibanez.cl\/web\/wp-content\/uploads\/2019\/07\/Reuni\u00f3n-CChC-Punta-Arenas-y-dos-seremis-por-empleo-01-07-2019-7.jpg\" alt=\"\" class=\"wp-image-5630\" srcset=\"https:\/\/www.radiopresidenteibanez.cl\/web\/wp-content\/uploads\/2019\/07\/Reuni\u00f3n-CChC-Punta-Arenas-y-dos-seremis-por-empleo-01-07-2019-7.jpg 900w, https:\/\/www.radiopresidenteibanez.cl\/web\/wp-content\/uploads\/2019\/07\/Reuni\u00f3n-CChC-Punta-Arenas-y-dos-seremis-por-empleo-01-07-2019-7-300x200.jpg 300w, https:\/\/www.radiopresidenteibanez.cl\/web\/wp-content\/uploads\/2019\/07\/Reuni\u00f3n-CChC-Punta-Arenas-y-dos-seremis-por-empleo-01-07-2019-7-768x512.jpg 768w\" sizes=\"auto, (max-width: 900px) 100vw, 900px\" \/><\/figure>\n","protected":false},"excerpt":{"rendered":"<p>La C\u00e1mara Chilena de la Construcci\u00f3n de Punta Arenas se reuni\u00f3 con la seremi del Trabajo y Previsi\u00f3n Social, Victoria Cort\u00e9s, y con la seremi de Econom\u00eda, Natalia Easton, con&#8230; <a class=\"read-more\" href=\"https:\/\/www.radiopresidenteibanez.cl\/web\/punta-arenas-cchc-se-reunio-con-dos-seremis-para-analizar-el-desempleo-en-la-region-de-magallanes\/\">Leer m\u00e1s<\/a><\/p>\n","protected":false},"author":2,"featured_media":5630,"comment_status":"closed","ping_status":"closed","sticky":false,"template":"","format":"standard","meta":{"footnotes":""},"categories":[1],"tags":[],"class_list":["post-5629","post","type-post","status-publish","format-standard","has-post-thumbnail","hentry","category-cronica"],"_links":{"self":[{"href":"https:\/\/www.radiopresidenteibanez.cl\/web\/wp-json\/wp\/v2\/posts\/5629","targetHints":{"allow":["GET"]}}],"collection":[{"href":"https:\/\/www.radiopresidenteibanez.cl\/web\/wp-json\/wp\/v2\/posts"}],"about":[{"href":"https:\/\/www.radiopresidenteibanez.cl\/web\/wp-json\/wp\/v2\/types\/post"}],"author":[{"embeddable":true,"href":"https:\/\/www.radiopresidenteibanez.cl\/web\/wp-json\/wp\/v2\/users\/2"}],"replies":[{"embeddable":true,"href":"https:\/\/www.radiopresidenteibanez.cl\/web\/wp-json\/wp\/v2\/comments?post=5629"}],"version-history":[{"count":0,"href":"https:\/\/www.radiopresidenteibanez.cl\/web\/wp-json\/wp\/v2\/posts\/5629\/revisions"}],"wp:featuredmedia":[{"embeddable":true,"href":"https:\/\/www.radiopresidenteibanez.cl\/web\/wp-json\/wp\/v2\/media\/5630"}],"wp:attachment":[{"href":"https:\/\/www.radiopresidenteibanez.cl\/web\/wp-json\/wp\/v2\/media?parent=5629"}],"wp:term":[{"taxonomy":"category","embeddable":true,"href":"https:\/\/www.radiopresidenteibanez.cl\/web\/wp-json\/wp\/v2\/categories?post=5629"},{"taxonomy":"post_tag","embeddable":true,"href":"https:\/\/www.radiopresidenteibanez.cl\/web\/wp-json\/wp\/v2\/tags?post=5629"}],"curies":[{"name":"wp","href":"https:\/\/api.w.org\/{rel}","templated":true}]}}