{"id":56283,"date":"2025-05-13T23:57:00","date_gmt":"2025-05-14T02:57:00","guid":{"rendered":"https:\/\/www.radiopresidenteibanez.cl\/web\/?p=56283"},"modified":"2025-05-13T10:22:08","modified_gmt":"2025-05-13T13:22:08","slug":"documental-cientifico-el-bebe-mas-viejo-que-su-madre-se-estrenara-este-jueves-en-la-umag","status":"publish","type":"post","link":"https:\/\/www.radiopresidenteibanez.cl\/web\/documental-cientifico-el-bebe-mas-viejo-que-su-madre-se-estrenara-este-jueves-en-la-umag\/","title":{"rendered":"Documental cient\u00edfico \u201cEl beb\u00e9 m\u00e1s viejo que su madre\u201d se estrenar\u00e1 este jueves en la UMAG"},"content":{"rendered":"\n<p>Un misterio cient\u00edfico que emergi\u00f3 de un hallazgo arqueol\u00f3gico en el archipi\u00e9lago fueguino y que tiene implicancias globales es lo que muestra el documental \u201cEl beb\u00e9 m\u00e1s viejo que la madre\u201d, una producci\u00f3n del realizador&nbsp;<strong>Mariano Riveros Espi\u00f1eira<\/strong>&nbsp;y el&nbsp;<strong>cient\u00edfico Ricardo De Pol Holz<\/strong>&nbsp;que ser\u00e1 exhibida por primera vez en Magallanes. La proyecci\u00f3n se realizar\u00e1 este jueves 15 de mayo a las 19.00 horas en el Auditorio Ernesto Livacic de la Universidad de Magallanes (Avenida Bulnes 01855).<\/p>\n\n\n\n<p>La pel\u00edcula tiene como tema de fondo un fen\u00f3meno que reci\u00e9n comenzamos a comprender: el intercambio de carbono entre el Oc\u00e9ano Austral y la atm\u00f3sfera terrestre. Ya se dispone de evidencia concreta de que los \u00e1rboles del bosque subant\u00e1rtico han registrado en sus anillos de crecimiento la se\u00f1al de emisiones de CO2 del Oc\u00e9ano Austral, a lo largo de la segunda mitad del siglo XX y de lo que va del siglo XX. Pero la evidencia m\u00e1s misteriosa y aparentemente imposible que presenta el documental es la de un beb\u00e9 momificado encontrado junto al de su madre, que seg\u00fan la dataci\u00f3n por Carbono 14 ser\u00eda alrededor de 200 a\u00f1os m\u00e1s antiguo que su progenitora.<\/p>\n\n\n\n<p>Para abordar este enigma, el documental usa recursos de ficci\u00f3n. \u201cTras escuchar rumores sobre el misterioso descubrimiento arqueol\u00f3gico de un beb\u00e9 m\u00e1s viejo que su madre, la radio ONASHAGA de Porvenir env\u00eda a In\u00e9s, su reportera estrella, junto con un grupo de ocean\u00f3grafos a la isla de M\u00e1s Afuera. Su misi\u00f3n es resolver este misterio y proporcionar datos cient\u00edficos sobre por qu\u00e9 estas costas deshabitadas tienen tanto o m\u00e1s carbono que las ciudades m\u00e1s contaminadas del planeta. In\u00e9s narra la historia y entrevista a los cient\u00edficos, quienes explican las t\u00e9cnicas, las circunstancias hist\u00f3ricas y los procesos que subyacen al enigma y su conexi\u00f3n con una posible amenaza clim\u00e1tica en el fondo del Oc\u00e9ano Ant\u00e1rtico\u201d, cuenta Mariano Riveros.<\/p>\n\n\n\n<p>Este proyecto surge de la necesidad de visibilizar un fen\u00f3meno que recibe un seguimiento limitado en Chile, a pesar de su potencial impacto en el aumento de la temperatura media del planeta, seg\u00fan cuentan los productores. Este documental fue creado por un equipo de profesionales, cient\u00edficos, audiovisualistas, animadores, actores, m\u00fasicos (entre ellos el d\u00fao magall\u00e1nico Lluvia \u00c1cida) y sonidistas de las regiones de Magallanes, Metropolitana y Los R\u00edos. \u201cNuestro objetivo fue producir un documental que incorporara personajes, animaci\u00f3n y una rica m\u00fasica y sonido para cautivar a los espectadores no familiarizados con temas cient\u00edficos, haciendo comprensible el complejo fen\u00f3meno del intercambio de carbono entre el oc\u00e9ano Austral y la atm\u00f3sfera, as\u00ed como la comprensi\u00f3n de su incidencia en el calentamiento global de impacto planetario\u201d, destacan los realizadores.<\/p>\n\n\n\n<p>Este trabajo, producido por Crono Austral y Conc\u00f3n Films, fue posible gracias al financiamiento del Fondecyt y la colaboraci\u00f3n de la Universidad de Magallanes y GAIA Ant\u00e1rtica, Nexer, Prisma Austral y el Museo de Historia Natural \u201cR\u00edo Seco\u201d. La pel\u00edcula acaba de ganar el premio al Mejor Contenido Cient\u00edfico en el Tercer Festival Internacional de Cine del Mar (celebrado en Concepci\u00f3n). \u201cEsperamos que este trabajo sea \u00fatil para los profesores de ciencia de todas las escuelas, liceos y universidades de la Regi\u00f3n de Magallanes. Y que incentive a los j\u00f3venes a mirar en su entorno, a descubrir las riquezas, comprender los fen\u00f3menos naturales, de la vida y la cultura de nuestra regi\u00f3n, para construir una sociedad m\u00e1s consciente de s\u00ed misma y del lugar del ser humano como un ser viviente m\u00e1s de la biosfera. Esperamos poder entregar este material de forma gratuita a todos los establecimientos educacionales y bibliotecas de la regi\u00f3n. Buscamos a alguna instituci\u00f3n que nos ayude a lograr el objetivo de distribuirlo y desarrollar una cartilla de uso de este documental para profesores, llegando as\u00ed de forma adecuada con este material de ciencia hacia los ni\u00f1os y j\u00f3venes de la regi\u00f3n de Magallanes\u201d, concluye Mariano Riveros.<\/p>\n\n\n\n<p>El evento concluir\u00e1 con un conversatorio con Mariano Riveros y Ricardo de Pol. La entrada es liberada y la invitaci\u00f3n abierta a toda la comunidad magall\u00e1nica.<\/p>\n","protected":false},"excerpt":{"rendered":"<p>Un misterio cient\u00edfico que emergi\u00f3 de un hallazgo arqueol\u00f3gico en el archipi\u00e9lago fueguino y que tiene implicancias globales es lo que muestra el documental \u201cEl beb\u00e9 m\u00e1s viejo que la&#8230; <a class=\"read-more\" href=\"https:\/\/www.radiopresidenteibanez.cl\/web\/documental-cientifico-el-bebe-mas-viejo-que-su-madre-se-estrenara-este-jueves-en-la-umag\/\">Leer m\u00e1s<\/a><\/p>\n","protected":false},"author":2,"featured_media":56284,"comment_status":"closed","ping_status":"closed","sticky":false,"template":"","format":"standard","meta":{"footnotes":""},"categories":[1],"tags":[],"class_list":["post-56283","post","type-post","status-publish","format-standard","has-post-thumbnail","hentry","category-cronica"],"_links":{"self":[{"href":"https:\/\/www.radiopresidenteibanez.cl\/web\/wp-json\/wp\/v2\/posts\/56283","targetHints":{"allow":["GET"]}}],"collection":[{"href":"https:\/\/www.radiopresidenteibanez.cl\/web\/wp-json\/wp\/v2\/posts"}],"about":[{"href":"https:\/\/www.radiopresidenteibanez.cl\/web\/wp-json\/wp\/v2\/types\/post"}],"author":[{"embeddable":true,"href":"https:\/\/www.radiopresidenteibanez.cl\/web\/wp-json\/wp\/v2\/users\/2"}],"replies":[{"embeddable":true,"href":"https:\/\/www.radiopresidenteibanez.cl\/web\/wp-json\/wp\/v2\/comments?post=56283"}],"version-history":[{"count":0,"href":"https:\/\/www.radiopresidenteibanez.cl\/web\/wp-json\/wp\/v2\/posts\/56283\/revisions"}],"wp:featuredmedia":[{"embeddable":true,"href":"https:\/\/www.radiopresidenteibanez.cl\/web\/wp-json\/wp\/v2\/media\/56284"}],"wp:attachment":[{"href":"https:\/\/www.radiopresidenteibanez.cl\/web\/wp-json\/wp\/v2\/media?parent=56283"}],"wp:term":[{"taxonomy":"category","embeddable":true,"href":"https:\/\/www.radiopresidenteibanez.cl\/web\/wp-json\/wp\/v2\/categories?post=56283"},{"taxonomy":"post_tag","embeddable":true,"href":"https:\/\/www.radiopresidenteibanez.cl\/web\/wp-json\/wp\/v2\/tags?post=56283"}],"curies":[{"name":"wp","href":"https:\/\/api.w.org\/{rel}","templated":true}]}}