{"id":56277,"date":"2025-05-13T09:43:00","date_gmt":"2025-05-13T12:43:00","guid":{"rendered":"https:\/\/www.radiopresidenteibanez.cl\/web\/?p=56277"},"modified":"2025-05-13T08:51:55","modified_gmt":"2025-05-13T11:51:55","slug":"aprueban-actualizacion-del-plan-seccional-de-cerro-castillo-y-rio-serrano","status":"publish","type":"post","link":"https:\/\/www.radiopresidenteibanez.cl\/web\/aprueban-actualizacion-del-plan-seccional-de-cerro-castillo-y-rio-serrano\/","title":{"rendered":"Aprueban actualizaci\u00f3n del Plan Seccional de Cerro Castillo y R\u00edo Serrano"},"content":{"rendered":"\n<p>En el marco de la Sesi\u00f3n en terreno realizada<br>este lunes 12 de mayo, el Consejo Regional, aprob\u00f3 la actualizaci\u00f3n del Plan Seccional de<br>Villa Cerro Castillo y Villa R\u00edo Serrano, un instrumento clave para guiar el crecimiento<br>urbano y tur\u00edstico de la comuna, durante los pr\u00f3ximos 10 a 20 a\u00f1os.<br>El nuevo plan reemplaza normativas vigentes desde las d\u00e9cadas de 1990 y 2000,<br>integrando criterios de sustentabilidad, participaci\u00f3n ciudadana y adaptaci\u00f3n a las nuevas<br>exigencias del territorio. Su enfoque busca equilibrar el desarrollo tur\u00edstico con la<br>conservaci\u00f3n del entorno natural, considerando que gran parte del territorio comunal se<br>ubica dentro del Parque Nacional Torres del Paine, declarado reserva mundial de la<br>bi\u00f3sfera.<br>La iniciativa contempla adem\u00e1s el ordenamiento de zonas que han crecido r\u00e1pidamente<br>sin planificaci\u00f3n, como Villa R\u00edo Serrano, permitiendo proyectar servicios, infraestructura<br>y una mejor calidad de vida para sus habitantes.<br>Durante la sesi\u00f3n, los consejeros regionales de la Provincia de \u00daltima Esperanza valoraron<br>el avance del instrumento. La Consejera Ximena Monta\u00f1a destac\u00f3 la importancia de<br>contar con una normativa que permita planificar el territorio de manera ordenada,<br>especialmente en sectores de alto valor tur\u00edstico. En tanto, el Consejero Max Salas puso<br>en relieve la visi\u00f3n de futuro de la comuna, resaltando el esfuerzo de sus autoridades por<br>anticiparse a los desaf\u00edos de crecimiento.<br>Por su parte, el Consejero Patricio Gam\u00edn, representante de la provincia \u00daltima Esperanza<br>subray\u00f3 la necesidad urgente de ordenar el crecimiento de Villa R\u00edo Serrano,<br>especialmente en materia de servicios b\u00e1sicos y planificaci\u00f3n urbana.<br>La aprobaci\u00f3n del plan seccional representa un paso importante en la consolidaci\u00f3n de un<br>desarrollo comunal arm\u00f3nico, con enfoque territorial y proyecci\u00f3n tur\u00edstica sostenible.<\/p>\n","protected":false},"excerpt":{"rendered":"<p>En el marco de la Sesi\u00f3n en terreno realizadaeste lunes 12 de mayo, el Consejo Regional, aprob\u00f3 la actualizaci\u00f3n del Plan Seccional deVilla Cerro Castillo y Villa R\u00edo Serrano, un&#8230; <a class=\"read-more\" href=\"https:\/\/www.radiopresidenteibanez.cl\/web\/aprueban-actualizacion-del-plan-seccional-de-cerro-castillo-y-rio-serrano\/\">Leer m\u00e1s<\/a><\/p>\n","protected":false},"author":2,"featured_media":56278,"comment_status":"closed","ping_status":"closed","sticky":false,"template":"","format":"standard","meta":{"footnotes":""},"categories":[1],"tags":[],"class_list":["post-56277","post","type-post","status-publish","format-standard","has-post-thumbnail","hentry","category-cronica"],"_links":{"self":[{"href":"https:\/\/www.radiopresidenteibanez.cl\/web\/wp-json\/wp\/v2\/posts\/56277","targetHints":{"allow":["GET"]}}],"collection":[{"href":"https:\/\/www.radiopresidenteibanez.cl\/web\/wp-json\/wp\/v2\/posts"}],"about":[{"href":"https:\/\/www.radiopresidenteibanez.cl\/web\/wp-json\/wp\/v2\/types\/post"}],"author":[{"embeddable":true,"href":"https:\/\/www.radiopresidenteibanez.cl\/web\/wp-json\/wp\/v2\/users\/2"}],"replies":[{"embeddable":true,"href":"https:\/\/www.radiopresidenteibanez.cl\/web\/wp-json\/wp\/v2\/comments?post=56277"}],"version-history":[{"count":0,"href":"https:\/\/www.radiopresidenteibanez.cl\/web\/wp-json\/wp\/v2\/posts\/56277\/revisions"}],"wp:featuredmedia":[{"embeddable":true,"href":"https:\/\/www.radiopresidenteibanez.cl\/web\/wp-json\/wp\/v2\/media\/56278"}],"wp:attachment":[{"href":"https:\/\/www.radiopresidenteibanez.cl\/web\/wp-json\/wp\/v2\/media?parent=56277"}],"wp:term":[{"taxonomy":"category","embeddable":true,"href":"https:\/\/www.radiopresidenteibanez.cl\/web\/wp-json\/wp\/v2\/categories?post=56277"},{"taxonomy":"post_tag","embeddable":true,"href":"https:\/\/www.radiopresidenteibanez.cl\/web\/wp-json\/wp\/v2\/tags?post=56277"}],"curies":[{"name":"wp","href":"https:\/\/api.w.org\/{rel}","templated":true}]}}