{"id":56274,"date":"2025-05-13T08:31:43","date_gmt":"2025-05-13T11:31:43","guid":{"rendered":"https:\/\/www.radiopresidenteibanez.cl\/web\/?p=56274"},"modified":"2025-05-13T08:31:50","modified_gmt":"2025-05-13T11:31:50","slug":"fondo-de-ferias-libres-2025-abre-convocatoria-en-magallanes-con-foco-en-fortalecimiento-del-comercio-local","status":"publish","type":"post","link":"https:\/\/www.radiopresidenteibanez.cl\/web\/fondo-de-ferias-libres-2025-abre-convocatoria-en-magallanes-con-foco-en-fortalecimiento-del-comercio-local\/","title":{"rendered":"Fondo de Ferias Libres 2025 abre convocatoria en Magallanes con foco en fortalecimiento del comercio local"},"content":{"rendered":"\n<p>Con un punto de prensa realizado en el sector del bulevar de ZonaAustral, se<br>lanz\u00f3 oficialmente en Magallanes la convocatoria al Fondo de Desarrollo de Ferias<br>Libres 2025, programa de SERCOTEC que entrega subsidios de hasta $30<br>millones para financiar proyectos de mejoramiento en ferias libres.<br>El fondo est\u00e1 dirigido a asociaciones gremiales, sindicatos, agrupaciones<br>ind\u00edgenas u otras entidades con personalidad jur\u00eddica vigente, que representen al<br>menos el 51% de los puestos de una feria. Las organizaciones beneficiadas<br>deber\u00e1n aportar un 10% del monto adjudicado como cofinanciamiento.<br>La directora regional de SERCOTEC, Natasha Alarc\u00f3n, indic\u00f3 que \u201cferias libres es<br>un fondo concursable de Servicio de Cooperaci\u00f3n t\u00e9cnica est\u00e1 destinado a<br>fortalecer estos espacios de comercio, entendiendo que son un sector clave de la<br>econom\u00eda y de la seguridad alimentaria y del patrimonio cultural del pa\u00eds\u201d.<br>El director de AMAPUQ, Jaime Paredes, se\u00f1al\u00f3 que \u201cNosotros fuimos<br>beneficiados el a\u00f1o 2024 a trav\u00e9s del programa ferias libres de Sercotec, lo que<br>nos permiti\u00f3 incorporar gente de otros rubros para poder obtener el beneficio\u201d.<br>La seremi de Econom\u00eda de Magallanes, Marlene Espa\u00f1a, agreg\u00f3 que, en relaci\u00f3n<br>con la legislaci\u00f3n que se est\u00e1 tramitando en el Congreso acerca de las ferias<br>libres, \u201cesta legislaci\u00f3n viene a estandarizar un poco para que todas las ferias<br>libres de Chile tengan un mismo cuerpo legal y puedan abordar sus<br>requerimientos, sus necesidades como agrupaci\u00f3n para poder postular a fondos<br>como este\u201d<br>El proceso de postulaci\u00f3n est\u00e1 abierto hasta el 8 de junio a las 15:00 horas, y se<br>realiza en l\u00ednea a trav\u00e9s del sitio web www.sercotec.cl, donde tambi\u00e9n se<br>encuentran disponibles las bases, anexos y ficha de postulaci\u00f3n.<\/p>\n","protected":false},"excerpt":{"rendered":"<p>Con un punto de prensa realizado en el sector del bulevar de ZonaAustral, selanz\u00f3 oficialmente en Magallanes la convocatoria al Fondo de Desarrollo de FeriasLibres 2025, programa de SERCOTEC que&#8230; <a class=\"read-more\" href=\"https:\/\/www.radiopresidenteibanez.cl\/web\/fondo-de-ferias-libres-2025-abre-convocatoria-en-magallanes-con-foco-en-fortalecimiento-del-comercio-local\/\">Leer m\u00e1s<\/a><\/p>\n","protected":false},"author":2,"featured_media":56275,"comment_status":"closed","ping_status":"closed","sticky":false,"template":"","format":"standard","meta":{"footnotes":""},"categories":[1],"tags":[],"class_list":["post-56274","post","type-post","status-publish","format-standard","has-post-thumbnail","hentry","category-cronica"],"_links":{"self":[{"href":"https:\/\/www.radiopresidenteibanez.cl\/web\/wp-json\/wp\/v2\/posts\/56274","targetHints":{"allow":["GET"]}}],"collection":[{"href":"https:\/\/www.radiopresidenteibanez.cl\/web\/wp-json\/wp\/v2\/posts"}],"about":[{"href":"https:\/\/www.radiopresidenteibanez.cl\/web\/wp-json\/wp\/v2\/types\/post"}],"author":[{"embeddable":true,"href":"https:\/\/www.radiopresidenteibanez.cl\/web\/wp-json\/wp\/v2\/users\/2"}],"replies":[{"embeddable":true,"href":"https:\/\/www.radiopresidenteibanez.cl\/web\/wp-json\/wp\/v2\/comments?post=56274"}],"version-history":[{"count":0,"href":"https:\/\/www.radiopresidenteibanez.cl\/web\/wp-json\/wp\/v2\/posts\/56274\/revisions"}],"wp:featuredmedia":[{"embeddable":true,"href":"https:\/\/www.radiopresidenteibanez.cl\/web\/wp-json\/wp\/v2\/media\/56275"}],"wp:attachment":[{"href":"https:\/\/www.radiopresidenteibanez.cl\/web\/wp-json\/wp\/v2\/media?parent=56274"}],"wp:term":[{"taxonomy":"category","embeddable":true,"href":"https:\/\/www.radiopresidenteibanez.cl\/web\/wp-json\/wp\/v2\/categories?post=56274"},{"taxonomy":"post_tag","embeddable":true,"href":"https:\/\/www.radiopresidenteibanez.cl\/web\/wp-json\/wp\/v2\/tags?post=56274"}],"curies":[{"name":"wp","href":"https:\/\/api.w.org\/{rel}","templated":true}]}}