{"id":5626,"date":"2019-07-09T15:13:54","date_gmt":"2019-07-09T15:13:54","guid":{"rendered":"http:\/\/www.radiopresidenteibanez.cl\/web\/?p=5626"},"modified":"2019-07-09T15:14:15","modified_gmt":"2019-07-09T15:14:15","slug":"la-camara-chilena-de-la-construccion-de-punta-arenas-se-reunio-con-el-subsecretario-de-obras-publicas","status":"publish","type":"post","link":"https:\/\/www.radiopresidenteibanez.cl\/web\/la-camara-chilena-de-la-construccion-de-punta-arenas-se-reunio-con-el-subsecretario-de-obras-publicas\/","title":{"rendered":"LA C\u00c1MARA CHILENA DE LA CONSTRUCCI\u00d3N DE PUNTA ARENAS SE REUNI\u00d3 CON EL SUBSECRETARIO DE OBRAS P\u00daBLICAS"},"content":{"rendered":"\n<p>En su visita a Punta Arenas, el subsecretario de Obras P\u00fablicas, Lucas Palacios, decidi\u00f3 reunirse con socios de la C\u00e1mara Chilena de la Construcci\u00f3n local con el fin de analizar los futuros proyectos de infraestructura en la regi\u00f3n de Magallanes y Ant\u00e1rtica Chilena. En dicho encuentro, tambi\u00e9n particip\u00f3 el seremi de Obras P\u00fablicas, Pablo Rendoll.<\/p>\n\n\n\n<p>\u201cFue una reuni\u00f3n muy productiva. Frente a los desaf\u00edos que tiene la regi\u00f3n, es muy importante poder trabajar en conjunto, el sector p\u00fablico y el sector privado, en beneficio de las personas; nuestro objetivo es el bien com\u00fan. Buscamos m\u00e1s conectividad, m\u00e1s aeropuertos, de hecho revisamos que quiz\u00e1s deber\u00edamos desarrollar un plan m\u00e1s ambicioso en materia de obras portuarias\u201d, indic\u00f3 Palacios.&nbsp;<\/p>\n\n\n\n<p>Socios de la CChC Punta Arenas dieron a conocer al subsecretario el estado de las obras actuales y tambi\u00e9n su preocupaci\u00f3n por la falta de proyectos de inversi\u00f3n de gran envergadura en la regi\u00f3n de Magallanes. El subsecretario acord\u00f3, junto con el seremi, entregar en breve toda la informaci\u00f3n de los proyectos aprobados que saldr\u00e1n a licitaci\u00f3n hasta diciembre de 2020.<\/p>\n\n\n\n<p>\u201cHay mucho por hacer. Me voy contento porque veo que existe mucho entusiasmo por parte de la C\u00e1mara Chilena de la Construcci\u00f3n en trabajar por el desarrollo de la regi\u00f3n. Se vienen muy buenas noticias: tenemos un plan de inversiones de US$ 580 millones en obras p\u00fablicas para la regi\u00f3n, por lo que quedamos de entregar esa informaci\u00f3n para que las mismas empresas puedan planificarse y ver con mayor optimismo lo que se viene\u201d, asegur\u00f3 el subsecretario de Obras P\u00fablicas, Lucas Palacios.<\/p>\n\n\n\n<p>En tanto, Jos\u00e9 Alvarado, presidente de la C\u00e1mara Chilena de la Construcci\u00f3n de Punta Arenas, concluy\u00f3 que \u201cesta reuni\u00f3n fue muy importante, dado que fue una instancia donde le entregamos al subsecretario nuestra visi\u00f3n sobre el desarrollo de la regi\u00f3n en materia de infraestructura p\u00fablica. Es prioritario que las empresas de construcci\u00f3n conozcan los proyectos que se licitar\u00e1n en el corto, mediano y largo plazo, tanto para sus planificaciones como para el desarrollo regional. En eso estuvimos de acuerdo con el subsecretario y por eso pronto tendremos en detalle el plan de inversi\u00f3n en infraestructura p\u00fablica para Magallanes para los pr\u00f3ximos a\u00f1os, incluyendo los proyectos que est\u00e1n listos para licitaci\u00f3n y los que se encuentran en la fase en estudio\u201d.\u00a0<\/p>\n\n\n\n<figure class=\"wp-block-image\"><img loading=\"lazy\" decoding=\"async\" width=\"900\" height=\"600\" src=\"https:\/\/www.radiopresidenteibanez.cl\/web\/wp-content\/uploads\/2019\/07\/Reuni\u00f3n-con-subsecretario-MOP-26-06-2019-10.jpg\" alt=\"\" class=\"wp-image-5627\" srcset=\"https:\/\/www.radiopresidenteibanez.cl\/web\/wp-content\/uploads\/2019\/07\/Reuni\u00f3n-con-subsecretario-MOP-26-06-2019-10.jpg 900w, https:\/\/www.radiopresidenteibanez.cl\/web\/wp-content\/uploads\/2019\/07\/Reuni\u00f3n-con-subsecretario-MOP-26-06-2019-10-300x200.jpg 300w, https:\/\/www.radiopresidenteibanez.cl\/web\/wp-content\/uploads\/2019\/07\/Reuni\u00f3n-con-subsecretario-MOP-26-06-2019-10-768x512.jpg 768w\" sizes=\"auto, (max-width: 900px) 100vw, 900px\" \/><\/figure>\n","protected":false},"excerpt":{"rendered":"<p>En su visita a Punta Arenas, el subsecretario de Obras P\u00fablicas, Lucas Palacios, decidi\u00f3 reunirse con socios de la C\u00e1mara Chilena de la Construcci\u00f3n local con el fin de analizar&#8230; <a class=\"read-more\" href=\"https:\/\/www.radiopresidenteibanez.cl\/web\/la-camara-chilena-de-la-construccion-de-punta-arenas-se-reunio-con-el-subsecretario-de-obras-publicas\/\">Leer m\u00e1s<\/a><\/p>\n","protected":false},"author":2,"featured_media":5627,"comment_status":"closed","ping_status":"closed","sticky":false,"template":"","format":"standard","meta":{"footnotes":""},"categories":[1],"tags":[],"class_list":["post-5626","post","type-post","status-publish","format-standard","has-post-thumbnail","hentry","category-cronica"],"_links":{"self":[{"href":"https:\/\/www.radiopresidenteibanez.cl\/web\/wp-json\/wp\/v2\/posts\/5626","targetHints":{"allow":["GET"]}}],"collection":[{"href":"https:\/\/www.radiopresidenteibanez.cl\/web\/wp-json\/wp\/v2\/posts"}],"about":[{"href":"https:\/\/www.radiopresidenteibanez.cl\/web\/wp-json\/wp\/v2\/types\/post"}],"author":[{"embeddable":true,"href":"https:\/\/www.radiopresidenteibanez.cl\/web\/wp-json\/wp\/v2\/users\/2"}],"replies":[{"embeddable":true,"href":"https:\/\/www.radiopresidenteibanez.cl\/web\/wp-json\/wp\/v2\/comments?post=5626"}],"version-history":[{"count":0,"href":"https:\/\/www.radiopresidenteibanez.cl\/web\/wp-json\/wp\/v2\/posts\/5626\/revisions"}],"wp:featuredmedia":[{"embeddable":true,"href":"https:\/\/www.radiopresidenteibanez.cl\/web\/wp-json\/wp\/v2\/media\/5627"}],"wp:attachment":[{"href":"https:\/\/www.radiopresidenteibanez.cl\/web\/wp-json\/wp\/v2\/media?parent=5626"}],"wp:term":[{"taxonomy":"category","embeddable":true,"href":"https:\/\/www.radiopresidenteibanez.cl\/web\/wp-json\/wp\/v2\/categories?post=5626"},{"taxonomy":"post_tag","embeddable":true,"href":"https:\/\/www.radiopresidenteibanez.cl\/web\/wp-json\/wp\/v2\/tags?post=5626"}],"curies":[{"name":"wp","href":"https:\/\/api.w.org\/{rel}","templated":true}]}}