{"id":56247,"date":"2025-05-11T15:25:00","date_gmt":"2025-05-11T18:25:00","guid":{"rendered":"https:\/\/www.radiopresidenteibanez.cl\/web\/?p=56247"},"modified":"2025-05-11T12:28:10","modified_gmt":"2025-05-11T15:28:10","slug":"entre-ciencia-y-filosofia-comienza-la-3ra-conferencia-internacional-chic-en-puerto-williams","status":"publish","type":"post","link":"https:\/\/www.radiopresidenteibanez.cl\/web\/entre-ciencia-y-filosofia-comienza-la-3ra-conferencia-internacional-chic-en-puerto-williams\/","title":{"rendered":"Entre ciencia y filosof\u00eda: comienza la 3ra Conferencia Internacional CHIC en Puerto Williams"},"content":{"rendered":"\n<p>\u00bfC\u00f3mo entender el cambio clim\u00e1tico desde una mirada que integre m\u00faltiples valores m\u00e1s all\u00e1 de la investigaci\u00f3n cient\u00edfica?&nbsp;\u00bfC\u00f3mo se puede promover esta visi\u00f3n a trav\u00e9s de un sistema de colaboraci\u00f3n institucional? \u00bfQu\u00e9&nbsp;tienen en com\u00fan la regi\u00f3n de Atacama y Cabo de Hornos cuando se trata de explorar la vida en el Universo? Ricardo Rozzi, director de Investigaci\u00f3n del Centro Internacional Cabo de Hornos (CHIC) y acad\u00e9mico de la Universidad de Magallanes (UMAG) destac\u00f3 que estas son las interrogantes centrales que se abordar\u00e1n en la Tercera Conferencia Internacional CHIC en Puerto Williams bajo el lema&nbsp;\u201cFilosof\u00edas, Educaci\u00f3n y&nbsp;\u00c9ticas para la Conservaci\u00f3n Biocultural\u201d.<\/p>\n\n\n\n<p>El evento que&nbsp;se inaugurar\u00e1 este lunes 12 de mayo, busca fomentar el di\u00e1logo interdisciplinario para abordar las causas \u00faltimas del cambio clim\u00e1tico a trav\u00e9s de la experiencia de pensadoras y pensadores nacionales e internacionales. De hecho, la jornada comenzar\u00e1 con la charla magistral de la Dra. en ling\u00fc\u00edstica Elisa Loncon,&nbsp;\u201c<em>Itrofill Mogen y Az Mapu: claves filos\u00f3ficas mapuche para la regeneraci\u00f3n biocultural y el retorno al equilibrio\u201d<\/em>. Posteriormente, la Dra. en filosof\u00eda, Ang\u00e9lica Velasco, ahondar\u00e1 sobre el&nbsp;&nbsp;\u201c<em>Ecofeminismo y&nbsp;<\/em><em>\u00c9<\/em><em>tica Animal\u201d<\/em>.<\/p>\n\n\n\n<p>La jornada de inauguraci\u00f3n ser\u00e1 abierta por la Dra. Francisca Massardo, Directora CHIC y del Centro Universitario UMAG Puerto Williams, la vicerrectora de Investigaci\u00f3n de la Umag, Claudia Estrada y las palabras de la rectora de la Universidad de Chile, la Dra. Rosa Dev\u00e9s, quienes representan a las instituciones de educaci\u00f3n que junto a la Pontificia Universidad Cat\u00f3lica de Chile (PUC) y la Universidad de North Texas (UNT) lideran el consorcio del CHIC:&nbsp;<strong>un modelo de colaboraci\u00f3n acad<\/strong><strong>\u00e9<\/strong><strong>mica que pone en valor la pluralidad y el trabajo transdisciplinario<\/strong>.<\/p>\n\n\n\n<p><strong>Atacama y Cabo de Hornos<\/strong><\/p>\n\n\n\n<p>Durante la conferencia tambi\u00e9n se destacar\u00e1 la estrecha relaci\u00f3n entre la regi\u00f3n de Atacama y Cabo de Hornos respecto al desarrollo de la ciencia en zonas extremas y la exploraci\u00f3n del pasado, el presente y el futuro del pa\u00eds y el planeta.<\/p>\n\n\n\n<p>En ese sentido, Pablo Quilodr\u00e1n, director ejecutivo de la Corporaci\u00f3n Regional de Paleontolog\u00eda de Atacama (CIAHN-ATACAMA), resalta la idea de que&nbsp;\u201cen las zonas extremas de Chile, como Atacama en el norte y Cabo de Hornos en el extremo sur, el pa\u00eds lidera la ciencia biocultural para observar el cambio clim\u00e1tico global, las respuestas de la biota subant\u00e1rtica y proponer an\u00e1lisis novedosos de educaci\u00f3n y filosof\u00eda de las causas \u00faltimas del cambio clim\u00e1tico\u201d. Esto se ver\u00e1 acompa\u00f1ado en la inauguraci\u00f3n por el gobernador de la regi\u00f3n de Atacama, Miguel Vargas, la delegada presidencial de la provincia ant\u00e1rtica de Chile, Constanza Calisto y el alcalde de Cabo de Hornos, Patricio Fern\u00e1ndez<\/p>\n\n\n\n<p><strong>Las causas \u00faltimas del cambio clim\u00e1<\/strong><strong>tico<\/strong><strong><\/strong><\/p>\n\n\n\n<p>Despu\u00e9s de dos conferencias internacionales en donde el foco estuvo en las causas pr\u00f3ximas del cambio clim\u00e1tico, como la deforestaci\u00f3n y las emisiones de carbono, este a\u00f1o el ojo estar\u00e1 puesto en las causas \u00faltimas: es decir, c\u00f3mo los valores y cosmovisiones orientan a la sociedad hacia modos de vida m\u00e1s o menos sostenibles, multiplicando saberes que acompa\u00f1ar\u00e1n la inauguraci\u00f3n y toda la conferencia con destacadas pensadoras, junto con autoridades como la Seremi de Ciencias de la Regi\u00f3n de Magallanes y la Ant\u00e1rtica Chilena, Ver\u00f3nica Vallejos.<\/p>\n","protected":false},"excerpt":{"rendered":"<p>\u00bfC\u00f3mo entender el cambio clim\u00e1tico desde una mirada que integre m\u00faltiples valores m\u00e1s all\u00e1 de la investigaci\u00f3n cient\u00edfica?&nbsp;\u00bfC\u00f3mo se puede promover esta visi\u00f3n a trav\u00e9s de un sistema de colaboraci\u00f3n&#8230; <a class=\"read-more\" href=\"https:\/\/www.radiopresidenteibanez.cl\/web\/entre-ciencia-y-filosofia-comienza-la-3ra-conferencia-internacional-chic-en-puerto-williams\/\">Leer m\u00e1s<\/a><\/p>\n","protected":false},"author":2,"featured_media":56248,"comment_status":"closed","ping_status":"closed","sticky":false,"template":"","format":"standard","meta":{"footnotes":""},"categories":[1],"tags":[],"class_list":["post-56247","post","type-post","status-publish","format-standard","has-post-thumbnail","hentry","category-cronica"],"_links":{"self":[{"href":"https:\/\/www.radiopresidenteibanez.cl\/web\/wp-json\/wp\/v2\/posts\/56247","targetHints":{"allow":["GET"]}}],"collection":[{"href":"https:\/\/www.radiopresidenteibanez.cl\/web\/wp-json\/wp\/v2\/posts"}],"about":[{"href":"https:\/\/www.radiopresidenteibanez.cl\/web\/wp-json\/wp\/v2\/types\/post"}],"author":[{"embeddable":true,"href":"https:\/\/www.radiopresidenteibanez.cl\/web\/wp-json\/wp\/v2\/users\/2"}],"replies":[{"embeddable":true,"href":"https:\/\/www.radiopresidenteibanez.cl\/web\/wp-json\/wp\/v2\/comments?post=56247"}],"version-history":[{"count":0,"href":"https:\/\/www.radiopresidenteibanez.cl\/web\/wp-json\/wp\/v2\/posts\/56247\/revisions"}],"wp:featuredmedia":[{"embeddable":true,"href":"https:\/\/www.radiopresidenteibanez.cl\/web\/wp-json\/wp\/v2\/media\/56248"}],"wp:attachment":[{"href":"https:\/\/www.radiopresidenteibanez.cl\/web\/wp-json\/wp\/v2\/media?parent=56247"}],"wp:term":[{"taxonomy":"category","embeddable":true,"href":"https:\/\/www.radiopresidenteibanez.cl\/web\/wp-json\/wp\/v2\/categories?post=56247"},{"taxonomy":"post_tag","embeddable":true,"href":"https:\/\/www.radiopresidenteibanez.cl\/web\/wp-json\/wp\/v2\/tags?post=56247"}],"curies":[{"name":"wp","href":"https:\/\/api.w.org\/{rel}","templated":true}]}}