{"id":56236,"date":"2025-05-09T19:46:00","date_gmt":"2025-05-09T22:46:00","guid":{"rendered":"https:\/\/www.radiopresidenteibanez.cl\/web\/?p=56236"},"modified":"2025-05-09T12:05:10","modified_gmt":"2025-05-09T15:05:10","slug":"equipo-del-nodo-antartico-viaja-a-puerto-williams-para-evaluar-su-vinculo-con-el-continente-blanco","status":"publish","type":"post","link":"https:\/\/www.radiopresidenteibanez.cl\/web\/equipo-del-nodo-antartico-viaja-a-puerto-williams-para-evaluar-su-vinculo-con-el-continente-blanco\/","title":{"rendered":"Equipo del Nodo Ant\u00e1rtico viaja a Puerto Williams para evaluar su v\u00ednculo con el Continente Blanco"},"content":{"rendered":"\n<p>La visita fue liderada por el equipo del Nodo, compuesto por Gabriela Willer,<br>Marcelo Astorga y Crist\u00f3bal Emilfork, quienes realizaron tres talleres focalizados<br>en generar un diagn\u00f3stico participativo en torno a la relaci\u00f3n entre Puerto Williams<br>y la Ant\u00e1rtica.<br>En paralelo, los representantes de Nodo sostuvieron reuniones con el alcalde de<br>Cabo de Hornos, Patricio Fern\u00e1ndez y la delegada de la Provincia Ant\u00e1rtica,<br>Constanza Calisto, adem\u00e1s de participar en entrevistas en vivo en los programas<br>Voces Australes (facebook.com\/share\/v\/15XgPQx5aS\/) y Enfoque Austral<br>(facebook.com\/share\/v\/19TNKWHuEH\/), de Radio Navarino.<br>Como parte de la agenda, la biblioteca del Cape Horn International Center (CHIC)<br>fue el lugar de encuentro con los servicios p\u00fablicos asentados en la comuna,<br>cuyos representantes manifestaron que existen tensiones entre el enfoque de<br>desarrollo ant\u00e1rtico y las necesidades primarias de la ciudad. \u201cNo existe, una<br>articulaci\u00f3n clara entre los programas ant\u00e1rticos nacionales y los desaf\u00edos locales,<br>como la falta de servicios b\u00e1sicos, vivienda, fomento productivo y acceso a<br>equipamiento urbano\u201d se\u00f1al\u00f3 uno de los asistentes.<br>En otra jornada, ahora con las y los investigadores del CHIC, se discutieron<br>diversos temas ligados al \u00e1rea de las ciencias ant\u00e1rticas, poniendo \u00e9nfasis en la<br>doble centralizaci\u00f3n \u2014Santiago y Punta Arenas\u2014 que obstaculiza el acceso a<br>fondos, redes y log\u00edstica para quienes hacen ciencia desde los territorios<br>extremos.<br>Gabriela Willer, encargada de presentar el diagn\u00f3stico sobre capacidades CTCI<br>del ecosistema ant\u00e1rtico, destac\u00f3 que \u201clos asistentes consideran que la log\u00edstica<br>polar no incorpora las capacidades ya existentes en Puerto Williams, lo que<br>representa una oportunidad desaprovechada, pese a la ubicaci\u00f3n estrat\u00e9gica\u201d.<\/p>\n\n\n\n<p>Por otro lado, se hizo \u00e9nfasis en que hay que ser cuidadoso respecto de potenciar<br>del rol de Puerto Williams -o de la regi\u00f3n- como base de desarrollo de ciencia<br>ant\u00e1rtica y que \u00e9sta no vaya en detrimento de la valoraci\u00f3n de la zona<br>subant\u00e1rtica, como una regi\u00f3n particularmente singular y rica para la conducci\u00f3n<br>de estudios cient\u00edficos.<br>En este punto, la delegada provincial de Ant\u00e1rtica, Constanza Calisto, fue enf\u00e1tica<br>en su apoyo a la gesti\u00f3n de la ciencia desde la ciudad austral. \u201cNuestra provincia<br>puede desempe\u00f1ar un gran rol en la construcci\u00f3n de una agenda cient\u00edfica y<br>ciudadana, al integrar a la voz de la comunidad en el desarrollo de proyectos,<br>alineados con las necesidades y aspiraciones de sus habitantes, al incorporar<br>conocimiento y perspectivas locales\u201d destac\u00f3 la autoridad.<br>Durante la reuni\u00f3n, tambi\u00e9n se mencion\u00f3 la necesidad de avanzar en el desarrollo<br>de medidas concretas que promuevan la equidad de g\u00e9nero y espacios laborales<br>seguros para las mujeres, durante las expediciones ant\u00e1rticas.<br>En tanto, con los representantes de las organizaciones de la sociedad civil, se<br>abord\u00f3 el rol simb\u00f3lico y afectivo de la Ant\u00e1rtica en la identidad local. Aunque se<br>reconoce la cercan\u00eda geogr\u00e1fica con el Continente Blanco, se evidenci\u00f3 una<br>lejan\u00eda emocional acentuada por a la escasa participaci\u00f3n comunitaria en<br>iniciativas cient\u00edficas o tur\u00edsticas.<br>\u201cEl desaf\u00edo es acortar esa distancia afectiva\u201d, se\u00f1al\u00f3 el Dr. Marcelo Astorga, y<br>agrega que \u201cpensar la Ant\u00e1rtica desde Puerto Williams es una oportunidad para<br>analizar lo que nos separa de ella y movilizar v\u00ednculos, saberes y decisiones desde<br>el territorio, sin perder su escala humana ni su identidad local\u00bb, comenta.<br>Como parte del despliegue territorial, el equipo tambi\u00e9n realiz\u00f3 una charla<br>educativa en el Liceo Donald McIntyre Griffiths, dirigida a estudiantes de segundo<br>medio de dicho establecimiento. Se convers\u00f3 sobre ciencia, cambio clim\u00e1tico y las<br>oportunidades que ofrece la Feria Ant\u00e1rtica Escolar del Instituto Ant\u00e1rtico Chileno<br>(INACh) para acercar la experiencia ant\u00e1rtica a j\u00f3venes de todo el pa\u00eds.<br>\u201cLos hicimos so\u00f1ar con Ant\u00e1rtica\u201d cuenta Crist\u00f3bal Emilfork, a cargo de esa<br>actividad. \u201cLas y los chicos mostraron mucho inter\u00e9s en conocer Ant\u00e1rtica, pero<br>creen que para es casi imposible poder viajar all\u00e1\u201d, se\u00f1ala el candidato a doctor<br>(PhD) en Antropolog\u00eda Ambiental, y agrega que \u201csi bien, reconocen que en Puerto<br>Williams no se habla mucho de Ant\u00e1rtica y que no est\u00e1 dentro de su imaginario,<br>eso no quita que puedan abrirse a esta tem\u00e1tica, sobre todo por vivir tan cerca de<br>este continente\u201d.<br>Estos talleres forman parte de la agenda que estrat\u00e9gica del Nodo Ant\u00e1rtico,<br>proyecto financiado por ANID y cuyo objetivo es posicionar a Chile como un eje de<br>investigaci\u00f3n cient\u00edfica, tecnol\u00f3gica y log\u00edstica, desde una mirada descentralizada<br>y participativa.<\/p>\n","protected":false},"excerpt":{"rendered":"<p>La visita fue liderada por el equipo del Nodo, compuesto por Gabriela Willer,Marcelo Astorga y Crist\u00f3bal Emilfork, quienes realizaron tres talleres focalizadosen generar un diagn\u00f3stico participativo en torno a la&#8230; <a class=\"read-more\" href=\"https:\/\/www.radiopresidenteibanez.cl\/web\/equipo-del-nodo-antartico-viaja-a-puerto-williams-para-evaluar-su-vinculo-con-el-continente-blanco\/\">Leer m\u00e1s<\/a><\/p>\n","protected":false},"author":2,"featured_media":56237,"comment_status":"closed","ping_status":"closed","sticky":false,"template":"","format":"standard","meta":{"footnotes":""},"categories":[1],"tags":[],"class_list":["post-56236","post","type-post","status-publish","format-standard","has-post-thumbnail","hentry","category-cronica"],"_links":{"self":[{"href":"https:\/\/www.radiopresidenteibanez.cl\/web\/wp-json\/wp\/v2\/posts\/56236","targetHints":{"allow":["GET"]}}],"collection":[{"href":"https:\/\/www.radiopresidenteibanez.cl\/web\/wp-json\/wp\/v2\/posts"}],"about":[{"href":"https:\/\/www.radiopresidenteibanez.cl\/web\/wp-json\/wp\/v2\/types\/post"}],"author":[{"embeddable":true,"href":"https:\/\/www.radiopresidenteibanez.cl\/web\/wp-json\/wp\/v2\/users\/2"}],"replies":[{"embeddable":true,"href":"https:\/\/www.radiopresidenteibanez.cl\/web\/wp-json\/wp\/v2\/comments?post=56236"}],"version-history":[{"count":0,"href":"https:\/\/www.radiopresidenteibanez.cl\/web\/wp-json\/wp\/v2\/posts\/56236\/revisions"}],"wp:featuredmedia":[{"embeddable":true,"href":"https:\/\/www.radiopresidenteibanez.cl\/web\/wp-json\/wp\/v2\/media\/56237"}],"wp:attachment":[{"href":"https:\/\/www.radiopresidenteibanez.cl\/web\/wp-json\/wp\/v2\/media?parent=56236"}],"wp:term":[{"taxonomy":"category","embeddable":true,"href":"https:\/\/www.radiopresidenteibanez.cl\/web\/wp-json\/wp\/v2\/categories?post=56236"},{"taxonomy":"post_tag","embeddable":true,"href":"https:\/\/www.radiopresidenteibanez.cl\/web\/wp-json\/wp\/v2\/tags?post=56236"}],"curies":[{"name":"wp","href":"https:\/\/api.w.org\/{rel}","templated":true}]}}