{"id":56230,"date":"2025-05-09T16:49:00","date_gmt":"2025-05-09T19:49:00","guid":{"rendered":"https:\/\/www.radiopresidenteibanez.cl\/web\/?p=56230"},"modified":"2025-05-09T11:39:47","modified_gmt":"2025-05-09T14:39:47","slug":"abren-postulaciones-2025-para-acreditacion-de-personas-juridicas-para-trabajar-en-reinsercion-social-juvenil","status":"publish","type":"post","link":"https:\/\/www.radiopresidenteibanez.cl\/web\/abren-postulaciones-2025-para-acreditacion-de-personas-juridicas-para-trabajar-en-reinsercion-social-juvenil\/","title":{"rendered":"Abren postulaciones 2025 para acreditaci\u00f3n de personas jur\u00eddicas para trabajar en reinserci\u00f3n social juvenil"},"content":{"rendered":"\n<p>El Servicio Nacional de Reinserci\u00f3n Social Juvenil, a trav\u00e9s del Consejo de Est\u00e1ndares y Acreditaci\u00f3n (CEA), anunci\u00f3 la apertura de la&nbsp;<strong>Convocatoria 2025 para la postulaci\u00f3n de personas jur\u00eddicas<\/strong>&nbsp;que deseen formar parte del proceso de acreditaci\u00f3n en el marco de la Ley N\u00b021.527, que crea el nuevo Servicio Nacional de Reinserci\u00f3n Social Juvenil.<\/p>\n\n\n\n<p>Esta convocatoria representa un paso fundamental en la consolidaci\u00f3n de un sistema basado en altos est\u00e1ndares de calidad para la intervenci\u00f3n con j\u00f3venes infractores de ley. Las personas jur\u00eddicas interesadas en participar podr\u00e1n postular hasta el 15 mayo, en&nbsp;<a href=\"http:\/\/www.reinsercionjuvenil.gob.cl\/\" target=\"_blank\" rel=\"noreferrer noopener\">www.reinsercionjuvenil.gob.cl<\/a>.<\/p>\n\n\n\n<p>La directora nacional del Servicio de Reinserci\u00f3n Social Juvenil,&nbsp;<strong>Roc\u00edo Fa\u00fandez Garc\u00eda<\/strong>, destac\u00f3 la importancia de este proceso: \u201c<em>La acreditaci\u00f3n es una herramienta clave para asegurar que los programas y organismos colaboradores cumplan con criterios t\u00e9cnicos y administrativos, seg\u00fan los est\u00e1ndares definidos, que permitan procesos de reinserci\u00f3n efectivos. Invitamos a todas las entidades comprometidas con la justicia juvenil a participar de este proceso\u201d.<\/em><\/p>\n\n\n\n<p>La convocatoria est\u00e1 dirigida a organizaciones sin fines de lucro que presten o quieran prestar servicios en el marco del nuevo sistema de justicia juvenil. La acreditaci\u00f3n ser\u00e1 requisito para suscribir convenios de colaboraci\u00f3n y financiamiento con el Servicio de Reinserci\u00f3n Social Juvenil.<\/p>\n\n\n\n<p>Para m\u00e1s informaci\u00f3n sobre requisitos, criterios y plazos, ingresa a&nbsp;&nbsp;<a href=\"https:\/\/www.reinsercionjuvenil.gob.cl\/consejode-estandares-y-acreditacion\/convocatoria-personas-juridicas-2025\/\" target=\"_blank\" rel=\"noreferrer noopener\">reinsercionjuvenil.gob.cl<\/a>.<\/p>\n","protected":false},"excerpt":{"rendered":"<p>El Servicio Nacional de Reinserci\u00f3n Social Juvenil, a trav\u00e9s del Consejo de Est\u00e1ndares y Acreditaci\u00f3n (CEA), anunci\u00f3 la apertura de la&nbsp;Convocatoria 2025 para la postulaci\u00f3n de personas jur\u00eddicas&nbsp;que deseen formar&#8230; <a class=\"read-more\" href=\"https:\/\/www.radiopresidenteibanez.cl\/web\/abren-postulaciones-2025-para-acreditacion-de-personas-juridicas-para-trabajar-en-reinsercion-social-juvenil\/\">Leer m\u00e1s<\/a><\/p>\n","protected":false},"author":2,"featured_media":56231,"comment_status":"closed","ping_status":"closed","sticky":false,"template":"","format":"standard","meta":{"footnotes":""},"categories":[1],"tags":[],"class_list":["post-56230","post","type-post","status-publish","format-standard","has-post-thumbnail","hentry","category-cronica"],"_links":{"self":[{"href":"https:\/\/www.radiopresidenteibanez.cl\/web\/wp-json\/wp\/v2\/posts\/56230","targetHints":{"allow":["GET"]}}],"collection":[{"href":"https:\/\/www.radiopresidenteibanez.cl\/web\/wp-json\/wp\/v2\/posts"}],"about":[{"href":"https:\/\/www.radiopresidenteibanez.cl\/web\/wp-json\/wp\/v2\/types\/post"}],"author":[{"embeddable":true,"href":"https:\/\/www.radiopresidenteibanez.cl\/web\/wp-json\/wp\/v2\/users\/2"}],"replies":[{"embeddable":true,"href":"https:\/\/www.radiopresidenteibanez.cl\/web\/wp-json\/wp\/v2\/comments?post=56230"}],"version-history":[{"count":0,"href":"https:\/\/www.radiopresidenteibanez.cl\/web\/wp-json\/wp\/v2\/posts\/56230\/revisions"}],"wp:featuredmedia":[{"embeddable":true,"href":"https:\/\/www.radiopresidenteibanez.cl\/web\/wp-json\/wp\/v2\/media\/56231"}],"wp:attachment":[{"href":"https:\/\/www.radiopresidenteibanez.cl\/web\/wp-json\/wp\/v2\/media?parent=56230"}],"wp:term":[{"taxonomy":"category","embeddable":true,"href":"https:\/\/www.radiopresidenteibanez.cl\/web\/wp-json\/wp\/v2\/categories?post=56230"},{"taxonomy":"post_tag","embeddable":true,"href":"https:\/\/www.radiopresidenteibanez.cl\/web\/wp-json\/wp\/v2\/tags?post=56230"}],"curies":[{"name":"wp","href":"https:\/\/api.w.org\/{rel}","templated":true}]}}