{"id":5623,"date":"2019-07-09T15:10:24","date_gmt":"2019-07-09T15:10:24","guid":{"rendered":"http:\/\/www.radiopresidenteibanez.cl\/web\/?p=5623"},"modified":"2019-07-09T15:10:43","modified_gmt":"2019-07-09T15:10:43","slug":"5-empresas-magallanicas-recibieron-premio-nacional-de-seguridad-laboral","status":"publish","type":"post","link":"https:\/\/www.radiopresidenteibanez.cl\/web\/5-empresas-magallanicas-recibieron-premio-nacional-de-seguridad-laboral\/","title":{"rendered":"5 EMPRESAS MAGALL\u00c1NICAS RECIBIERON PREMIO NACIONAL DE SEGURIDAD LABORAL"},"content":{"rendered":"\n<p>Esta semana, cinco\nempresas de la regi\u00f3n de Magallanes fueron distinguidas con el Premio Anual que\notorga el Consejo Nacional de Seguridad a las organizaciones que logren los\nmejores indicadores en materia de salud y seguridad laboral y que corresponde a\nla m\u00e1xima distinci\u00f3n de este tipo a nivel pa\u00eds.<\/p>\n\n\n\n<p>Es as\u00ed que los\norgullosos representantes de estas cinco firmas magall\u00e1nicas \u2013todas usuarias\ndel Instituto de Seguridad Laboral (ISL)- recibieron de manos de la Seremi del\nTrabajo, Victoria Cort\u00e9s Schiattino; y del director del ISL Magallanes, Marcelo\nTrivi\u00f1o, los diplomas que certifican la entrega de esta importante distinci\u00f3n.<\/p>\n\n\n\n<p>Las empresas\ngalardonadas, seg\u00fan su \u00e1rea, fueron: el Jard\u00edn Infantil La Casa del \u00c1rbol, en\nla categor\u00eda Educaci\u00f3n; Servicios de Comida El Quincho de Julio, en el rubro\nComercio, Restaurantes y Hoteles; Sociedad Educacional Semillita, tambi\u00e9n en la\ncategor\u00eda Educaci\u00f3n; la empresa de Luis Rubio Castro en la categor\u00eda de\nfabricaci\u00f3n de productos alimenticios; y la organizaci\u00f3n de Mar\u00eda Ruiz Trivi\u00f1o,\nen el rubro de Otras empresas productivas.<\/p>\n\n\n\n<p>En palabras de la secretaria\nregional, \u201cnos sentimos sumamente orgullosos de estas cinco pymes magall\u00e1nicas\nque lograron este importante premio que da cuenta de la preocupaci\u00f3n que ellas\nhan tenido por sus trabajadores al interior de sus respectivos emprendimientos.\nFueron 33 las empresas premiadas a nivel nacional, de las cuales, tenemos\nnuestras cinco galardonadas en Magallanes, lo que da cuenta del buen trabajo\ndesarrollado por ellas y que contribuyen en gran medida a reducir los \u00edndices\nde accidentabilidad, pero por sobre todo, a tener trabajadores protegidos y m\u00e1s\nfelices\u201d.<\/p>\n\n\n\n<p>El\nConsejo Nacional de Seguridad de Chile es una corporaci\u00f3n privada, sin fines de\nlucro con el objetivo de fomentar la prevenci\u00f3n de riesgos y crear conciencia\nsobre la necesidad de prevenir los accidentes y las enfermedades profesionales\nen las diferentes actividades de la vida laboral. Est\u00e1 integrado por\nrepresentantes de Ministerios y Servicios P\u00fablicos, Fuerzas Armadas,\nCarabineros de Chile, Universidades, Mutualidades e instituciones voluntarias de\nsocorro.&nbsp; <\/p>\n\n\n\n<p><br>\nSeg\u00fan expres\u00f3 Trivi\u00f1o, \u201cha sido una actividad muy linda en la que\nentregamos los diplomas a estas cinco empresas que han mantenido las tasas de\naccidentabilidad baja, cumpliendo las normativas y los criterios del ISL (\u2026)\nestamos felices de asesorar a estas empresas y queremos seguir manteniendo el\nnivel, esperando que el pr\u00f3ximo a\u00f1o podamos aumentar el n\u00famero de premiadas con\neste importante premio. El a\u00f1o pasado tuvimos tres organizaciones distinguidas\ny este a\u00f1o aumentamos a cinco, as\u00ed que muy contentos por eso\u201d.<\/p>\n\n\n\n<p><strong>Empleadores y trabajadores felices<\/strong><\/p>\n\n\n\n<p>La parte m\u00e1s\nimportante de lograr este premio, seg\u00fan los propios representantes de las\nempresas ganadoras, es que se nota la tranquilidad y alegr\u00eda, tanto de\ntrabajadores como de empleadores al momento de desempe\u00f1ar sus labores.<\/p>\n\n\n\n<p>As\u00ed lo calific\u00f3 Paula\nMaldonado Andrade, directora t\u00e9cnica de la Sala Cuna Semillita, distinguida en\nla categor\u00eda de Educaci\u00f3n. \u201cEs algo muy motivador, porque este es un premio al\ntrabajo y al esfuerzo que hacen las instituciones en apoyar y en beneficiar al\nequipo de trabajo y a toda la comunidad educativa. Nosotros trabajamos con\nvidas, entonces, es importante tener trabajadores felices y contentos para que\nellos puedan transmitir eso a los beb\u00e9s con los que trabajamos\u201d.<\/p>\n\n\n\n<p>Asimismo, Mar\u00eda Ruiz\nTrivi\u00f1o, due\u00f1a de la empresa Metalcar, quien expres\u00f3 que: \u201cMe siento muy\ngratificada, estoy muy contenta y muy agradecida, sobre todo de nuestro asesor,\nporque nos ha permitido ir haciendo actividades preventivas para que nuestros\ntrabajadores, que son alrededor de 15, est\u00e9n bien cuidados. Entonces, no hemos\ntenido accidentes en el trabajo y eso hace que los \u00edndices de productividad\nhayan sido buenos para dar una buena atenci\u00f3n a nuestros clientes\u201d.<\/p>\n\n\n\n<p>Ambas empresas\nmanifestaron su deseo de continuar trabajando con el ISL en materia de\nprevenci\u00f3n y postular a sus empresas a este premio durante el pr\u00f3ximo a\u00f1o.<\/p>\n\n\n\n<p>En la instancia, adem\u00e1s, participaron representantes de la gobernaci\u00f3n provincial de Magallanes, adem\u00e1s del equipo de prevenci\u00f3n del Instituto de Seguridad Laboral (ISL) Magallanes.<\/p>\n\n\n\n<figure class=\"wp-block-image\"><img loading=\"lazy\" decoding=\"async\" width=\"1024\" height=\"768\" src=\"https:\/\/www.radiopresidenteibanez.cl\/web\/wp-content\/uploads\/2019\/07\/IMG_003-1024x768.jpg\" alt=\"\" class=\"wp-image-5624\" srcset=\"https:\/\/www.radiopresidenteibanez.cl\/web\/wp-content\/uploads\/2019\/07\/IMG_003.jpg 1024w, https:\/\/www.radiopresidenteibanez.cl\/web\/wp-content\/uploads\/2019\/07\/IMG_003-300x225.jpg 300w, https:\/\/www.radiopresidenteibanez.cl\/web\/wp-content\/uploads\/2019\/07\/IMG_003-768x576.jpg 768w\" sizes=\"auto, (max-width: 1024px) 100vw, 1024px\" \/><\/figure>\n","protected":false},"excerpt":{"rendered":"<p>Esta semana, cinco empresas de la regi\u00f3n de Magallanes fueron distinguidas con el Premio Anual que otorga el Consejo Nacional de Seguridad a las organizaciones que logren los mejores indicadores&#8230; <a class=\"read-more\" href=\"https:\/\/www.radiopresidenteibanez.cl\/web\/5-empresas-magallanicas-recibieron-premio-nacional-de-seguridad-laboral\/\">Leer m\u00e1s<\/a><\/p>\n","protected":false},"author":2,"featured_media":5624,"comment_status":"closed","ping_status":"closed","sticky":false,"template":"","format":"standard","meta":{"footnotes":""},"categories":[1],"tags":[],"class_list":["post-5623","post","type-post","status-publish","format-standard","has-post-thumbnail","hentry","category-cronica"],"_links":{"self":[{"href":"https:\/\/www.radiopresidenteibanez.cl\/web\/wp-json\/wp\/v2\/posts\/5623","targetHints":{"allow":["GET"]}}],"collection":[{"href":"https:\/\/www.radiopresidenteibanez.cl\/web\/wp-json\/wp\/v2\/posts"}],"about":[{"href":"https:\/\/www.radiopresidenteibanez.cl\/web\/wp-json\/wp\/v2\/types\/post"}],"author":[{"embeddable":true,"href":"https:\/\/www.radiopresidenteibanez.cl\/web\/wp-json\/wp\/v2\/users\/2"}],"replies":[{"embeddable":true,"href":"https:\/\/www.radiopresidenteibanez.cl\/web\/wp-json\/wp\/v2\/comments?post=5623"}],"version-history":[{"count":0,"href":"https:\/\/www.radiopresidenteibanez.cl\/web\/wp-json\/wp\/v2\/posts\/5623\/revisions"}],"wp:featuredmedia":[{"embeddable":true,"href":"https:\/\/www.radiopresidenteibanez.cl\/web\/wp-json\/wp\/v2\/media\/5624"}],"wp:attachment":[{"href":"https:\/\/www.radiopresidenteibanez.cl\/web\/wp-json\/wp\/v2\/media?parent=5623"}],"wp:term":[{"taxonomy":"category","embeddable":true,"href":"https:\/\/www.radiopresidenteibanez.cl\/web\/wp-json\/wp\/v2\/categories?post=5623"},{"taxonomy":"post_tag","embeddable":true,"href":"https:\/\/www.radiopresidenteibanez.cl\/web\/wp-json\/wp\/v2\/tags?post=5623"}],"curies":[{"name":"wp","href":"https:\/\/api.w.org\/{rel}","templated":true}]}}