{"id":56227,"date":"2025-05-09T15:39:00","date_gmt":"2025-05-09T18:39:00","guid":{"rendered":"https:\/\/www.radiopresidenteibanez.cl\/web\/?p=56227"},"modified":"2025-05-09T11:37:06","modified_gmt":"2025-05-09T14:37:06","slug":"feria-de-ingenieria-umag-mostrara-grandes-avances-de-la-disciplina-a-la-comunidad-magallanica","status":"publish","type":"post","link":"https:\/\/www.radiopresidenteibanez.cl\/web\/feria-de-ingenieria-umag-mostrara-grandes-avances-de-la-disciplina-a-la-comunidad-magallanica\/","title":{"rendered":"Feria de Ingenier\u00eda UMAG mostrar\u00e1 grandes avances de la disciplina a la comunidad magall\u00e1nica"},"content":{"rendered":"\n<p>Luego de una exitosa primera versi\u00f3n, la Facultad de Ingenier\u00eda de la Universidad de Magallanes (UMAG) realizar\u00e1 este martes 13 de mayo, desde la 9 hasta las 18hrs, la II \u201cFeria UMAG: la Ingenier\u00eda en tu vida\u201d, una actividad gratuita y abierta a toda la comunidad de Punta Arenas, la que contar\u00e1 con diferentes instancias que mostrar\u00e1n c\u00f3mo esta disciplina est\u00e1 en el d\u00eda a d\u00eda de las personas, desde el uso del celular hasta el desarrollo de grandes proyectos a nivel global, como el uso de la IA.<\/p>\n\n\n\n<p>La feria nace con el fin de conmemorar el D\u00eda Nacional de la Ingenier\u00eda, el 14 de mayo, donde se realiz\u00f3 el primer gran proyecto de ingenio multidisciplinario en Chile: la reconstrucci\u00f3n de Santiago, luego de sufrir un terremoto de 8.5 grados en 1647.<\/p>\n\n\n\n<p>Las empresas que presentar\u00e1n sus proyectos al p\u00fablico ser\u00e1n el Servicio de Vivienda y Urbanismo (MINVU-SERVIU), ENAP Magallanes, Edelmag, SLB (ex Schlumberger), Aguas Magallanes, Electrival, Gasco, C\u00e1mara Chilena de la Construcci\u00f3n y EDF Chile.<\/p>\n\n\n\n<p>La Facultad tambi\u00e9n tendr\u00e1 stands y laboratorios abiertos, donde el p\u00fablico asistente podr\u00e1 conocer m\u00e1s en detalle como se desarrollan las diferentes \u00e1reas de esta disciplina, con exposiciones de los departamentos de Ingenier\u00eda Mec\u00e1nica, Ingenier\u00eda Qu\u00edmica, Ingenier\u00eda en Computaci\u00f3n, e Ingenier\u00eda en Construcci\u00f3n.<\/p>\n\n\n\n<p>Destaca la presentaci\u00f3n de diferentes proyectos creados por estudiantes y acad\u00e9micos, como manos y cabezas robotizadas, un exoesqueleto que ayuda a la rehabilitaci\u00f3n de personas con movilidad reducida, y maquinaria de construcci\u00f3n que realiza an\u00e1lisis de suelo para estudiar el impacto de aerogeneradores en el territorio, entre otros.<\/p>\n\n\n\n<p>Adem\u00e1s, habr\u00e1 informaci\u00f3n sobre proyectos emblem\u00e1ticos de la Facultad, como el programa de inducci\u00f3n y atracci\u00f3n de talentos \u201cPre-Ingenier\u00eda UMAG\u201d y el consorcio Ingenier\u00edas2030, enfocados en estudiantes de ense\u00f1anza media e interesados en ingresar a la casa de estudios superiores.<\/p>\n\n\n\n<p>Sobre esta segunda versi\u00f3n, el decano de la Facultad de Ingenier\u00eda UMAG, Dr. Claudio G\u00f3mez, coment\u00f3 que \u201ccon esta actividad, nos ponemos al servicio de la comunidad y demostramos que somos una fuerza viva capaz de convocar importantes representantes de la ingenier\u00eda en la regi\u00f3n, mostrando al p\u00fablico lo que esta disciplina desarrolla en el d\u00eda a d\u00eda\u201d.<\/p>\n\n\n\n<p>El ingeniero civil qu\u00edmico destac\u00f3 que \u201cpara nosotros como Facultad, el realizar esta feria por segunda vez es la concretizaci\u00f3n de nuestro di\u00e1logo con los principales actores de la industria, que somos un puente entre quienes trabajan en el desarrollo de la regi\u00f3n, capaces de educar, analizar y resolver sobre las principales tem\u00e1ticas que aquejan al territorio\u201d.<\/p>\n","protected":false},"excerpt":{"rendered":"<p>Luego de una exitosa primera versi\u00f3n, la Facultad de Ingenier\u00eda de la Universidad de Magallanes (UMAG) realizar\u00e1 este martes 13 de mayo, desde la 9 hasta las 18hrs, la II&#8230; <a class=\"read-more\" href=\"https:\/\/www.radiopresidenteibanez.cl\/web\/feria-de-ingenieria-umag-mostrara-grandes-avances-de-la-disciplina-a-la-comunidad-magallanica\/\">Leer m\u00e1s<\/a><\/p>\n","protected":false},"author":2,"featured_media":56228,"comment_status":"closed","ping_status":"closed","sticky":false,"template":"","format":"standard","meta":{"footnotes":""},"categories":[1],"tags":[],"class_list":["post-56227","post","type-post","status-publish","format-standard","has-post-thumbnail","hentry","category-cronica"],"_links":{"self":[{"href":"https:\/\/www.radiopresidenteibanez.cl\/web\/wp-json\/wp\/v2\/posts\/56227","targetHints":{"allow":["GET"]}}],"collection":[{"href":"https:\/\/www.radiopresidenteibanez.cl\/web\/wp-json\/wp\/v2\/posts"}],"about":[{"href":"https:\/\/www.radiopresidenteibanez.cl\/web\/wp-json\/wp\/v2\/types\/post"}],"author":[{"embeddable":true,"href":"https:\/\/www.radiopresidenteibanez.cl\/web\/wp-json\/wp\/v2\/users\/2"}],"replies":[{"embeddable":true,"href":"https:\/\/www.radiopresidenteibanez.cl\/web\/wp-json\/wp\/v2\/comments?post=56227"}],"version-history":[{"count":0,"href":"https:\/\/www.radiopresidenteibanez.cl\/web\/wp-json\/wp\/v2\/posts\/56227\/revisions"}],"wp:featuredmedia":[{"embeddable":true,"href":"https:\/\/www.radiopresidenteibanez.cl\/web\/wp-json\/wp\/v2\/media\/56228"}],"wp:attachment":[{"href":"https:\/\/www.radiopresidenteibanez.cl\/web\/wp-json\/wp\/v2\/media?parent=56227"}],"wp:term":[{"taxonomy":"category","embeddable":true,"href":"https:\/\/www.radiopresidenteibanez.cl\/web\/wp-json\/wp\/v2\/categories?post=56227"},{"taxonomy":"post_tag","embeddable":true,"href":"https:\/\/www.radiopresidenteibanez.cl\/web\/wp-json\/wp\/v2\/tags?post=56227"}],"curies":[{"name":"wp","href":"https:\/\/api.w.org\/{rel}","templated":true}]}}