{"id":56224,"date":"2025-05-09T14:28:00","date_gmt":"2025-05-09T17:28:00","guid":{"rendered":"https:\/\/www.radiopresidenteibanez.cl\/web\/?p=56224"},"modified":"2025-05-09T11:33:55","modified_gmt":"2025-05-09T14:33:55","slug":"santo-tomas-y-corfo-lanzan-proyecto-para-impulsar-emprendimientos-con-foco-en-sostenibilidad","status":"publish","type":"post","link":"https:\/\/www.radiopresidenteibanez.cl\/web\/santo-tomas-y-corfo-lanzan-proyecto-para-impulsar-emprendimientos-con-foco-en-sostenibilidad\/","title":{"rendered":"Santo Tom\u00e1s y Corfo lanzan proyecto para impulsar emprendimientos con foco en sostenibilidad"},"content":{"rendered":"\n<p>Con una gran convocatoria se dio inicio oficial al proyecto NetZero Emprende Sostenible Magallanes, una iniciativa apoyada por Corfo, a trav\u00e9s de su l\u00ednea Viraliza y ejecutada por el Instituto Profesional Santo Tom\u00e1s. El evento de lanzamiento reuni\u00f3 a m\u00e1s de 100 asistentes entre autoridades regionales, emprendedores, representantes del ecosistema de innovaci\u00f3n y sostenibilidad, estudiantes y docentes.<\/p>\n\n\n\n<p>El proyecto tiene como prop\u00f3sito formar emprendedores con ideas de negocio que cuenten con alto potencial de crecimiento en las \u00e1reas de sostenibilidad, energ\u00edas renovables y particularmente en la cadena de valor del hidr\u00f3geno verde y sus derivados.<\/p>\n\n\n\n<p>Mar\u00eda Jos\u00e9 Navajas, directora regional de Corfo Magallanes, destac\u00f3 el rol estrat\u00e9gico del programa como parte del impulso al desarrollo sostenible en la regi\u00f3n. \u201cEste es un instrumento de Corfo que tiene como foco la formaci\u00f3n de emprendedores con ideas de negocio en el marco de la sostenibilidad. En esta oportunidad, el proyecto fue adjudicado por Santo Tom\u00e1s, y estamos muy contentos porque nos permitir\u00e1 observar c\u00f3mo las empresas regionales pueden ir integr\u00e1ndose a la cadena de valor del hidr\u00f3geno verde\u201d, coment\u00f3.<\/p>\n\n\n\n<p>Por su parte, Valeska Acevedo, rectora de Santo Tom\u00e1s Punta Arenas, destac\u00f3 el impacto del proyecto en la formaci\u00f3n de emprendedores de la regi\u00f3n. \u201cEste hito representa una gran oportunidad para que la comunidad en general pueda conocer, estudiar y aprender sobre esta nueva industria. Como instituci\u00f3n, estamos comprometidos con aportar desde la academia, a trav\u00e9s de clases impartidas por expertos, para que los emprendedores perfeccionen sus ideas de negocio y logren concretarlas en el corto plazo\u201d, se\u00f1al\u00f3.<\/p>\n\n\n\n<p>El proceso formativo de NetZero Emprende Sostenible Magallanes se desplegar\u00e1 a trav\u00e9s de m\u00f3dulos te\u00f3ricos y pr\u00e1cticos. La empresa HIF Magallanes, pionera en la producci\u00f3n de combustibles sint\u00e9ticos, estar\u00e1 a cargo de ejecutar dichos contenidos, incluyendo visitas a la planta demostrativa Haru Oni, con el objetivo de vincular la teor\u00eda con experiencias reales de innovaci\u00f3n aplicada en el sector energ\u00e9tico.<\/p>\n\n\n\n<p>\u201cLas personas son las que van a permitir que la industria del hidr\u00f3geno y sus derivados se desarrolle a futuro.&nbsp; Por eso, nos sumamos con entusiasmo a instancias como esta. Formar capital humano, con las herramientas necesarias, es clave para las etapas que vienen y es parte del ecosistema que entre todos tenemos que construir. En este caso somos contraparte t\u00e9cnica del proyecto para poder apoyar desde el expertise de nuestro equipo y los aprendizajes que nos ha permitido nuestra planta Haru Oni\u201d, sostuvo Juan Eduardo Gallardo, gerente general de HIF Magallanes.<\/p>\n\n\n\n<p>En esa misma l\u00ednea, Juan Eduardo Gallardo tambi\u00e9n fue uno de los expositores del seminario inaugural, donde abord\u00f3 los desaf\u00edos y oportunidades de la industria del hidr\u00f3geno verde en la regi\u00f3n y la relevancia de preparar talento local para su desarrollo. La actividad tambi\u00e9n incluy\u00f3 la charla de Bernardita Ortiz, impulsora del proyecto&nbsp;<em>Patagonia Circular<\/em>, quien comparti\u00f3 su experiencia en la creaci\u00f3n de nuevos productos a partir de desechos, reflexionando sobre c\u00f3mo la creatividad y la conciencia ambiental pueden converger en soluciones concretas para el territorio.<\/p>\n\n\n\n<p><strong>Proyecto NetZero Emprende Sostenible Magallanes<\/strong><\/p>\n\n\n\n<p>Es un programa de formaci\u00f3n te\u00f3rico-pr\u00e1ctico de 52 horas, dirigido a personas con ideas de negocio o empresas ya constituidas, que tengan potencial de crecimiento en \u00e1reas como la sostenibilidad, energ\u00edas renovables e hidr\u00f3geno verde y sus derivados, en la Regi\u00f3n de Magallanes y la Ant\u00e1rtica Chilena.<\/p>\n\n\n\n<p>La formaci\u00f3n incluir\u00e1 7 m\u00f3dulos, combinando contenidos te\u00f3ricos, metodolog\u00edas pr\u00e1cticas, mentor\u00edas, coaching y una salida a terreno, con el objetivo de entregar herramientas concretas para el desarrollo de propuestas de negocio con impacto real en la reducci\u00f3n de emisiones y la transici\u00f3n hacia una econom\u00eda m\u00e1s limpia.<\/p>\n\n\n\n<p>El proyecto est\u00e1 dirigido a estudiantes, emprendedores y empresarios constituidos o no, que quieran desarrollar soluciones sostenibles con alto potencial de crecimiento.<\/p>\n","protected":false},"excerpt":{"rendered":"<p>Con una gran convocatoria se dio inicio oficial al proyecto NetZero Emprende Sostenible Magallanes, una iniciativa apoyada por Corfo, a trav\u00e9s de su l\u00ednea Viraliza y ejecutada por el Instituto&#8230; <a class=\"read-more\" href=\"https:\/\/www.radiopresidenteibanez.cl\/web\/santo-tomas-y-corfo-lanzan-proyecto-para-impulsar-emprendimientos-con-foco-en-sostenibilidad\/\">Leer m\u00e1s<\/a><\/p>\n","protected":false},"author":2,"featured_media":56225,"comment_status":"closed","ping_status":"closed","sticky":false,"template":"","format":"standard","meta":{"footnotes":""},"categories":[1],"tags":[],"class_list":["post-56224","post","type-post","status-publish","format-standard","has-post-thumbnail","hentry","category-cronica"],"_links":{"self":[{"href":"https:\/\/www.radiopresidenteibanez.cl\/web\/wp-json\/wp\/v2\/posts\/56224","targetHints":{"allow":["GET"]}}],"collection":[{"href":"https:\/\/www.radiopresidenteibanez.cl\/web\/wp-json\/wp\/v2\/posts"}],"about":[{"href":"https:\/\/www.radiopresidenteibanez.cl\/web\/wp-json\/wp\/v2\/types\/post"}],"author":[{"embeddable":true,"href":"https:\/\/www.radiopresidenteibanez.cl\/web\/wp-json\/wp\/v2\/users\/2"}],"replies":[{"embeddable":true,"href":"https:\/\/www.radiopresidenteibanez.cl\/web\/wp-json\/wp\/v2\/comments?post=56224"}],"version-history":[{"count":0,"href":"https:\/\/www.radiopresidenteibanez.cl\/web\/wp-json\/wp\/v2\/posts\/56224\/revisions"}],"wp:featuredmedia":[{"embeddable":true,"href":"https:\/\/www.radiopresidenteibanez.cl\/web\/wp-json\/wp\/v2\/media\/56225"}],"wp:attachment":[{"href":"https:\/\/www.radiopresidenteibanez.cl\/web\/wp-json\/wp\/v2\/media?parent=56224"}],"wp:term":[{"taxonomy":"category","embeddable":true,"href":"https:\/\/www.radiopresidenteibanez.cl\/web\/wp-json\/wp\/v2\/categories?post=56224"},{"taxonomy":"post_tag","embeddable":true,"href":"https:\/\/www.radiopresidenteibanez.cl\/web\/wp-json\/wp\/v2\/tags?post=56224"}],"curies":[{"name":"wp","href":"https:\/\/api.w.org\/{rel}","templated":true}]}}