{"id":56218,"date":"2025-05-09T11:20:41","date_gmt":"2025-05-09T14:20:41","guid":{"rendered":"https:\/\/www.radiopresidenteibanez.cl\/web\/?p=56218"},"modified":"2025-05-09T11:20:49","modified_gmt":"2025-05-09T14:20:49","slug":"31-educadoras-y-tecnicas-de-parvulos-de-distintas-localidadesparticiparon-en-capacitacion-del-programa-de-indagacion-para-primeras-edades-del-par-explora-magallanes-en-porvenir","status":"publish","type":"post","link":"https:\/\/www.radiopresidenteibanez.cl\/web\/31-educadoras-y-tecnicas-de-parvulos-de-distintas-localidadesparticiparon-en-capacitacion-del-programa-de-indagacion-para-primeras-edades-del-par-explora-magallanes-en-porvenir\/","title":{"rendered":"31 educadoras y t\u00e9cnicas de p\u00e1rvulos de distintas localidadesparticiparon en capacitaci\u00f3n del Programa de Indagaci\u00f3n para Primeras Edades del PAR Explora Magallanes en Porvenir"},"content":{"rendered":"\n<p>Durante tres d\u00edas, 31 educadoras y t\u00e9cnicas en educaci\u00f3n parvularia de las localidades<br>de: San Gregorio, Puerto Natales, Timaukel, Punta Arenas y Puerto Williams, participaron<br>de la capacitaci\u00f3n&nbsp;del Programa de Indagaci\u00f3n para Primeras Edades (PIPE) financiado<br>por el Programa Explora del Ministerio de Ciencia, Tecnolog\u00eda, Conocimiento e Innovaci\u00f3n<br>y ejecutado por la Universidad de Magallanes, desarrollado en la biblioteca de la Ilustre<br>Municipalidad y en el CFT de Porvenir respectivamente.<br>El primer d\u00eda, las asistentes fueron parte del taller \u201cL\u00e1piz 3D\u201d&nbsp;siendo un espacio donde<br>aprendieron a utilizar un bol\u00edgrafo que permite crear objetos tridimensionales usando<br>filamento de pl\u00e1stico fundido.&nbsp;Se trata de una herramienta que facilita el acceso a la<br>impresi\u00f3n 3D y permite desarrollar la creatividad, la coordinaci\u00f3n y la imaginaci\u00f3n.&nbsp;<br>Al respecto, el encargado del taller \u201cL\u00e1piz 3D\u201d, Dennis Ogaz, se\u00f1al\u00f3 que \u201cen este caso se<br>acerco la tecnolog\u00eda de manufactura y fabricaci\u00f3n digital para que las educadoras de<br>p\u00e1rvulos puedan integrarlo en actividades dentro del aula. En esta ocasi\u00f3n fue una buena<br>recepci\u00f3n y estaban muy interesadas por aprender\u201d<br>Durante&nbsp; el segundo d\u00eda, se realiz\u00f3 el taller \u201cRelator\u00eda y taller inclusi\u00f3n equidad de<br>g\u00e9nero\u201d, dictado por la coordinadora t\u00e9cnica de inclusi\u00f3n educativa de Fundaci\u00f3n Integra,<br>Anabel G\u00f3mez, quien se\u00f1alo \u201cestuvimos trabajando la perspectiva de g\u00e9nero en la<br>educaci\u00f3n parvularia como tenemos que favorecer la educaci\u00f3n inicial libre de<br>estereotipos. En cuanto a este taller hubo harta reflexi\u00f3n con las participantes y fue muy<br>importante para que compartieran sus realidades que visualizan en sus distintas<br>instituciones\u201d.<br>M\u00e1s tarde, la coordinadora de Rutas formativas del PAR Explora Magallanes, Piroscka<br>Fuenzalida realiz\u00f3 interiorizaci\u00f3n del Programa de indagaci\u00f3n para Primeras edades, en<br>el cual conocieron la metodolog\u00eda para su implementaci\u00f3n en las aulas, a trav\u00e9s del taller<br>\u201cAnimales que crecen y cambian\u201d.<br>Durante el tercer y \u00faltimo d\u00eda, las participantes tuvieron el taller \u201cVivenciar actividad la<br>plaza de ciudad revoltijo del cuadernillo de ciencias naturales\u201d, a cargo de la Coordinadora<br>de Rutas Formativas de PAR Explora Magallanes, Piroscka Fuenzalida.<br>Durante la tarde, se efectu\u00f3 una Ruta patrimonial, donde recorrieron los museos de<br>Porvenir, a cargo del profesional: del \u00e1rea de unidad de cultura y turismo Vicente Madrid,<br>del museo Fernando Cordero Rosqui y del complejo hist\u00f3rico San Francisco de Sales, ,<br>quien coment\u00f3 que \u201c la finalidad de la visita fue poder ense\u00f1arles y acercar la cultura a la<br>gente y la historia de Porvenir, y tambi\u00e9n sobre todo transmit\u00edrselos a ellas que trabajan<br>con la primera infancia.<\/p>\n\n\n\n<p>Antes de finalizar, las participantes disfrutaron del taller \u00bb Conocer para conversar \u00bb D\u00eda<br>de la fascinaci\u00f3n por las plantas \u00ab, dictado por las profesionales del Laboratorio de<br>Biotecnolog\u00eda Vegetal de la Umag quienes mostraron parte del proceso de cultivo in vitro y<br>cultivo de plantas. Al respecto, la integrante del equipo del laboratorio de biotecnolog\u00eda<br>vegetal, Estefan\u00eda Jofre, se\u00f1alo que \u201c estamos trabajando en el proyecto de conocer para<br>conservar el d\u00eda de la fascinaci\u00f3n por las plantas, y el objetivo de esta actividad es que<br>pudieran conocer un poco del trabajo que hacemos en el laboratorio y que puedan<br>conocer tambi\u00e9n lo que es la conservaci\u00f3n de nuestras especies\u201d<br>La Coordinadora Rutas Fomativas de PAR Explora Magallanes, Piroscka Fuenzalida<br>coment\u00f3 \u201c tuvimos una gran participaci\u00f3n de las educadoras y t\u00e9cnicas de p\u00e1rvulo ,<br>donde pudieron reflexionar entre ellas porque la idea fue que compartieran,<br>intercambiaran experiencias y construyeran redes de trabajo\u201d.<br>Al respecto, la directora de ejecutiva de Explora Magallanes, Claudia Salinas, dijo que<br>\u201cestamos muy felices haber podido realizar esta primera capacitaci\u00f3n de PIPE en<br>Porvenir, porque nos permiti\u00f3 descentralizar la actividad , siendo uno de nuestros<br>principales objetivos como Programa Explora y adem\u00e1s que las 31 educadoras de<br>p\u00e1rvulos fortalezcan herramientas pedag\u00f3gicas para implementarlas en sus aulas y a su<br>vez compartieran sus experiencias con sus pares de distintas localidades\u201d.<br>En tanto, las participantes quedaron muy satisfechas y destacaron la capacitaci\u00f3n . Una<br>de ellas Roxana Bahamonde de la Escuela Punta Delgada, dijo que \u201c fue muy<br>enriquecedor el poder aprovechar estas instancias de aprendizaje y poder compartir<br>experiencias de distintos lugares de la regi\u00f3n., Por su parte, Nicole Albanez del jard\u00edn<br>infantil \u201cUkika\u201d,indic\u00f3 que&nbsp; \u201cme pareci\u00f3 s\u00faper interesante la capacitaci\u00f3n por todo el<br>material, las actividades, todo lo que hemos desarrollado, las habilidades que tambi\u00e9n s\u00e9,<br>con qu\u00e9 cuento, cu\u00e1les podr\u00edas fortalecer y desde ah\u00ed poder potenciar en los ni\u00f1os y las<br>ni\u00f1as\u201d<br>Finalmente, todas las participantes fueron reconocidas con un diploma y ser\u00e1n<br>acompa\u00f1adas en el proceso de implementaci\u00f3n de las actividades en el aula.<\/p>\n","protected":false},"excerpt":{"rendered":"<p>Durante tres d\u00edas, 31 educadoras y t\u00e9cnicas en educaci\u00f3n parvularia de las localidadesde: San Gregorio, Puerto Natales, Timaukel, Punta Arenas y Puerto Williams, participaronde la capacitaci\u00f3n&nbsp;del Programa de Indagaci\u00f3n para&#8230; <a class=\"read-more\" href=\"https:\/\/www.radiopresidenteibanez.cl\/web\/31-educadoras-y-tecnicas-de-parvulos-de-distintas-localidadesparticiparon-en-capacitacion-del-programa-de-indagacion-para-primeras-edades-del-par-explora-magallanes-en-porvenir\/\">Leer m\u00e1s<\/a><\/p>\n","protected":false},"author":2,"featured_media":56219,"comment_status":"closed","ping_status":"closed","sticky":false,"template":"","format":"standard","meta":{"footnotes":""},"categories":[1],"tags":[],"class_list":["post-56218","post","type-post","status-publish","format-standard","has-post-thumbnail","hentry","category-cronica"],"_links":{"self":[{"href":"https:\/\/www.radiopresidenteibanez.cl\/web\/wp-json\/wp\/v2\/posts\/56218","targetHints":{"allow":["GET"]}}],"collection":[{"href":"https:\/\/www.radiopresidenteibanez.cl\/web\/wp-json\/wp\/v2\/posts"}],"about":[{"href":"https:\/\/www.radiopresidenteibanez.cl\/web\/wp-json\/wp\/v2\/types\/post"}],"author":[{"embeddable":true,"href":"https:\/\/www.radiopresidenteibanez.cl\/web\/wp-json\/wp\/v2\/users\/2"}],"replies":[{"embeddable":true,"href":"https:\/\/www.radiopresidenteibanez.cl\/web\/wp-json\/wp\/v2\/comments?post=56218"}],"version-history":[{"count":0,"href":"https:\/\/www.radiopresidenteibanez.cl\/web\/wp-json\/wp\/v2\/posts\/56218\/revisions"}],"wp:featuredmedia":[{"embeddable":true,"href":"https:\/\/www.radiopresidenteibanez.cl\/web\/wp-json\/wp\/v2\/media\/56219"}],"wp:attachment":[{"href":"https:\/\/www.radiopresidenteibanez.cl\/web\/wp-json\/wp\/v2\/media?parent=56218"}],"wp:term":[{"taxonomy":"category","embeddable":true,"href":"https:\/\/www.radiopresidenteibanez.cl\/web\/wp-json\/wp\/v2\/categories?post=56218"},{"taxonomy":"post_tag","embeddable":true,"href":"https:\/\/www.radiopresidenteibanez.cl\/web\/wp-json\/wp\/v2\/tags?post=56218"}],"curies":[{"name":"wp","href":"https:\/\/api.w.org\/{rel}","templated":true}]}}