{"id":56212,"date":"2025-05-09T08:40:54","date_gmt":"2025-05-09T11:40:54","guid":{"rendered":"https:\/\/www.radiopresidenteibanez.cl\/web\/?p=56212"},"modified":"2025-05-09T08:41:00","modified_gmt":"2025-05-09T11:41:00","slug":"funcionarios-de-samu-en-su-vigesimo-cuarto-aniversario-visitaron-jardin-infantil-archipielago-de-chiloe","status":"publish","type":"post","link":"https:\/\/www.radiopresidenteibanez.cl\/web\/funcionarios-de-samu-en-su-vigesimo-cuarto-aniversario-visitaron-jardin-infantil-archipielago-de-chiloe\/","title":{"rendered":"FUNCIONARIOS DE SAMU EN SU VIGESIMO CUARTO ANIVERSARIO  VISITARON JARDIN INFANTIL ARCHIPIELAGO DE CHILOE"},"content":{"rendered":"\n<p>Funcionarios de Samu visitaron las instalaciones del jard\u00edn infantil Archipi\u00e9lago de Chilo\u00e9 que se encuentra en el sector sur poniente de nuestra comuna, en conmemoraci\u00f3n del vig\u00e9simo cuarto aniversario de Samu Punta Atenas.<\/p>\n\n\n\n<p>Una Ma\u00f1ana diferente tuvieron los ni\u00f1os y ni\u00f1as del jard\u00edn infantil Archipi\u00e9lago de Chilo\u00e9, en donde bailaron y cantaron junto al perro chocolo, adem\u00e1s de compartir junto a los funcionarios y tener la posibilidad de conocer las ambulancias.<\/p>\n\n\n\n<p>Si bien la labor de Samu es acudir a los llamados de emergencias, no podemos quedar exentos de educar a la poblaci\u00f3n y que mejor que comenzar a educar a los m\u00e1s peque\u00f1os.<\/p>\n","protected":false},"excerpt":{"rendered":"<p>Funcionarios de Samu visitaron las instalaciones del jard\u00edn infantil Archipi\u00e9lago de Chilo\u00e9 que se encuentra en el sector sur poniente de nuestra comuna, en conmemoraci\u00f3n del vig\u00e9simo cuarto aniversario de&#8230; <a class=\"read-more\" href=\"https:\/\/www.radiopresidenteibanez.cl\/web\/funcionarios-de-samu-en-su-vigesimo-cuarto-aniversario-visitaron-jardin-infantil-archipielago-de-chiloe\/\">Leer m\u00e1s<\/a><\/p>\n","protected":false},"author":2,"featured_media":56213,"comment_status":"closed","ping_status":"closed","sticky":false,"template":"","format":"standard","meta":{"footnotes":""},"categories":[1],"tags":[],"class_list":["post-56212","post","type-post","status-publish","format-standard","has-post-thumbnail","hentry","category-cronica"],"_links":{"self":[{"href":"https:\/\/www.radiopresidenteibanez.cl\/web\/wp-json\/wp\/v2\/posts\/56212","targetHints":{"allow":["GET"]}}],"collection":[{"href":"https:\/\/www.radiopresidenteibanez.cl\/web\/wp-json\/wp\/v2\/posts"}],"about":[{"href":"https:\/\/www.radiopresidenteibanez.cl\/web\/wp-json\/wp\/v2\/types\/post"}],"author":[{"embeddable":true,"href":"https:\/\/www.radiopresidenteibanez.cl\/web\/wp-json\/wp\/v2\/users\/2"}],"replies":[{"embeddable":true,"href":"https:\/\/www.radiopresidenteibanez.cl\/web\/wp-json\/wp\/v2\/comments?post=56212"}],"version-history":[{"count":0,"href":"https:\/\/www.radiopresidenteibanez.cl\/web\/wp-json\/wp\/v2\/posts\/56212\/revisions"}],"wp:featuredmedia":[{"embeddable":true,"href":"https:\/\/www.radiopresidenteibanez.cl\/web\/wp-json\/wp\/v2\/media\/56213"}],"wp:attachment":[{"href":"https:\/\/www.radiopresidenteibanez.cl\/web\/wp-json\/wp\/v2\/media?parent=56212"}],"wp:term":[{"taxonomy":"category","embeddable":true,"href":"https:\/\/www.radiopresidenteibanez.cl\/web\/wp-json\/wp\/v2\/categories?post=56212"},{"taxonomy":"post_tag","embeddable":true,"href":"https:\/\/www.radiopresidenteibanez.cl\/web\/wp-json\/wp\/v2\/tags?post=56212"}],"curies":[{"name":"wp","href":"https:\/\/api.w.org\/{rel}","templated":true}]}}