{"id":56201,"date":"2025-05-08T16:34:00","date_gmt":"2025-05-08T19:34:00","guid":{"rendered":"https:\/\/www.radiopresidenteibanez.cl\/web\/?p=56201"},"modified":"2025-05-08T10:29:42","modified_gmt":"2025-05-08T13:29:42","slug":"seremi-de-transportes-y-telecomunicaciones-y-senadis-hacen-llamado-a-respetar-estacionamientos-reservados","status":"publish","type":"post","link":"https:\/\/www.radiopresidenteibanez.cl\/web\/seremi-de-transportes-y-telecomunicaciones-y-senadis-hacen-llamado-a-respetar-estacionamientos-reservados\/","title":{"rendered":"Seremi de Transportes y Telecomunicaciones y Senadis hacen llamado a respetar estacionamientos reservados"},"content":{"rendered":"\n<p>Un nuevo llamado a respetar los espacios de estacionamientos reservados, especialmente para personas con dificultades de movilidad y para el transporte escolar, realiz\u00f3 el seremi de Transportes y Telecomunicaciones Alejandro Goich Barr\u00eda. \u201cCada vez que se utilizan de mala forma estos espacios, ponemos en riesgo la integridad de las personas para las cu\u00e1les han sido reservados, como son los escolares y la personas con movilidad reducida\u201d, se\u00f1al\u00f3.<\/p>\n\n\n\n<p>Durante 2024 la divisi\u00f3n de Fiscalizaci\u00f3n de la seremitt curs\u00f3 840 partes a veh\u00edculos mal estacionados, de ellos 299 a aquellos aparcados en lugares que lo proh\u00edben, 291 por estar estacionado sobre la acera y 250 por ocupar espacios reservados. De enero a marzo de este a\u00f1o, ya se hab\u00edan cursado 108 multas a veh\u00edculos mal estacionados, 10 de ellos en espacios reservados.<\/p>\n\n\n\n<p>La Directora Regional de Senadis Magallanes, Bernarda Cares Coronado, se\u00f1al\u00f3 que es fundamental que todas y todos como ciudadanos tengamos respeto, informaci\u00f3n y consideraci\u00f3n respecto al uso de estacionamientos exclusivos para personas con discapacidad (PcD).<\/p>\n\n\n\n<p>\u201cEste tipo de espacios son una herramienta para la inclusi\u00f3n y una expresi\u00f3n de respeto a los derechos humanos de las PcD. Como sociedad debemos contribuir a la vida cotidiana de esta poblaci\u00f3n particularmente en nuestra regi\u00f3n, haciendo un uso adecuado de estos estacionamientos, permitiendo que sean utilizados por las personas que realmente lo necesitan. Esta consideraci\u00f3n es un acto de conciencia y solidaridad y el no respetarlo implica consecuencias legales\u201d agreg\u00f3 Cares.&nbsp;<\/p>\n\n\n\n<p>En cada establecimiento educacional b\u00e1sico y medio hay un estacionamiento reservado al transporte escolar. Est\u00e1n ubicados en un lugar seguro para que ni\u00f1os y ni\u00f1as bajen y suban a los furgones. En cuanto a los estacionamientos para personas en situaci\u00f3n de discapacidad, como la norma lo indica, est\u00e1n al menos cada 3 cuadras en Punta Arenas, donde hay cerca de 360, de los cuales \u201cel a\u00f1o pasado instalamos 26 nuevos y este a\u00f1o 15 m\u00e1s\u201d, inform\u00f3 el director de Tr\u00e1nsito Marcel Berm\u00fadez Orellana.<\/p>\n\n\n\n<p>A un veh\u00edculo mal estacionado se le puede cursar un parte empadronado. Esta fiscalizaci\u00f3n la puede realizar Carabineros, inspectores municipales e inspectores del MTT. La multa que estipula la ley por estacionar en espacios reservados, puede ir desde 1 a 1,5 Unidades Tributarias Mensuales (UTM). Adem\u00e1s, el veh\u00edculo puede ser removido por una gr\u00faa. Los veh\u00edculos conducidos por una persona en situaci\u00f3n de discapacidad deben disponer del certificado o carnet de discapacidad a la vista sobre el tablero al momento de estacionar en un espacio reservado.<\/p>\n","protected":false},"excerpt":{"rendered":"<p>Un nuevo llamado a respetar los espacios de estacionamientos reservados, especialmente para personas con dificultades de movilidad y para el transporte escolar, realiz\u00f3 el seremi de Transportes y Telecomunicaciones Alejandro&#8230; <a class=\"read-more\" href=\"https:\/\/www.radiopresidenteibanez.cl\/web\/seremi-de-transportes-y-telecomunicaciones-y-senadis-hacen-llamado-a-respetar-estacionamientos-reservados\/\">Leer m\u00e1s<\/a><\/p>\n","protected":false},"author":2,"featured_media":56202,"comment_status":"closed","ping_status":"closed","sticky":false,"template":"","format":"standard","meta":{"footnotes":""},"categories":[1],"tags":[],"class_list":["post-56201","post","type-post","status-publish","format-standard","has-post-thumbnail","hentry","category-cronica"],"_links":{"self":[{"href":"https:\/\/www.radiopresidenteibanez.cl\/web\/wp-json\/wp\/v2\/posts\/56201","targetHints":{"allow":["GET"]}}],"collection":[{"href":"https:\/\/www.radiopresidenteibanez.cl\/web\/wp-json\/wp\/v2\/posts"}],"about":[{"href":"https:\/\/www.radiopresidenteibanez.cl\/web\/wp-json\/wp\/v2\/types\/post"}],"author":[{"embeddable":true,"href":"https:\/\/www.radiopresidenteibanez.cl\/web\/wp-json\/wp\/v2\/users\/2"}],"replies":[{"embeddable":true,"href":"https:\/\/www.radiopresidenteibanez.cl\/web\/wp-json\/wp\/v2\/comments?post=56201"}],"version-history":[{"count":0,"href":"https:\/\/www.radiopresidenteibanez.cl\/web\/wp-json\/wp\/v2\/posts\/56201\/revisions"}],"wp:featuredmedia":[{"embeddable":true,"href":"https:\/\/www.radiopresidenteibanez.cl\/web\/wp-json\/wp\/v2\/media\/56202"}],"wp:attachment":[{"href":"https:\/\/www.radiopresidenteibanez.cl\/web\/wp-json\/wp\/v2\/media?parent=56201"}],"wp:term":[{"taxonomy":"category","embeddable":true,"href":"https:\/\/www.radiopresidenteibanez.cl\/web\/wp-json\/wp\/v2\/categories?post=56201"},{"taxonomy":"post_tag","embeddable":true,"href":"https:\/\/www.radiopresidenteibanez.cl\/web\/wp-json\/wp\/v2\/tags?post=56201"}],"curies":[{"name":"wp","href":"https:\/\/api.w.org\/{rel}","templated":true}]}}