{"id":5620,"date":"2019-07-09T14:59:14","date_gmt":"2019-07-09T14:59:14","guid":{"rendered":"http:\/\/www.radiopresidenteibanez.cl\/web\/?p=5620"},"modified":"2019-07-09T14:59:54","modified_gmt":"2019-07-09T14:59:54","slug":"autoridades-regionales-destacaron-incorporacion-de-5-nuevas-patologias-al-auge","status":"publish","type":"post","link":"https:\/\/www.radiopresidenteibanez.cl\/web\/autoridades-regionales-destacaron-incorporacion-de-5-nuevas-patologias-al-auge\/","title":{"rendered":"AUTORIDADES REGIONALES DESTACARON INCORPORACI\u00d3N DE 5 NUEVAS PATOLOG\u00cdAS AL AUGE"},"content":{"rendered":"\n<p>Destacando\nla incorporaci\u00f3n de nuevas enfermedades al Plan de Garant\u00edas Expl\u00edcitas en\nSalud, m\u00e1s conocido como AUGE, el Intendente de Magallanes, Jos\u00e9 Fern\u00e1ndez, junto a la SEREMI de\nGobierno, Alejandra Mu\u00f1oz, la SEREMI de Salud, Mariela Rojas y la Subdirectora\nde Gesti\u00f3n Asistencial del Servicio de Salud, Mar\u00eda Isabel Iduya, realizaron\nuna actividad de difusi\u00f3n de esta importante medida anunciada por el Presidente\nSebasti\u00e1n Pi\u00f1era que establece el ingreso al AUGE del Alzheimer y otras\ndemencias, adem\u00e1s de cuatro tipos de c\u00e1nceres: de pulm\u00f3n, de tiroides, renal y\nmieloma m\u00faltiple. <\/p>\n\n\n\n<p>Con la incorporaci\u00f3n de estas patolog\u00edas, ser\u00e1n 85 las enfermedades que contar\u00e1n con las garant\u00edas de acceso, oportunidad, calidad y protecci\u00f3n financiera. Esto significa que los pacientes tendr\u00e1n plazos definidos para recibir la atenci\u00f3n de salud y copagos que van desde cero hasta un m\u00e1ximo de 20% del total de la prestaci\u00f3n, de acuerdo al sistema previsional al que la persona est\u00e9 adscrita, sea Fonasa o Isapres. Las nuevas garant\u00edas en salud se har\u00e1n efectivas 90 d\u00edas despu\u00e9s de publicado el decreto en el Diario Oficial, teniendo como fecha estimada el 1\u00b0 de octubre.<\/p>\n\n\n\n<p>El Intendente de Magallanes, Jos\u00e9 Fern\u00e1ndez, manifest\u00f3 que \u201choy anunciamos a la comunidad la nueva incorporaci\u00f3n al AUGE de cinco patolog\u00edas. El Gobierno del Presidente Sebasti\u00e1n Pi\u00f1era preocupado de los pacientes que tienen alguna de estas enfermedades catastr\u00f3ficas, ha decidido ir en apoyo de ellos e incorporar estas cinco enfermedades, que es el Alzheimer y cuatro tipos de c\u00e1ncer en las patolog\u00edas que ya exist\u00edan en el Plan AUGE. Hay que recordar que la \u00faltima vez que se incorporaron patolog\u00edas al AUGE fue en el primer Gobierno del Presidente Pi\u00f1era, y ahora nuevamente preocupado de esta situaci\u00f3n se incorporan enfermedades nuevas. Creo que hemos estado como Gobierno preocupados por la ciudadan\u00eda y esto ser\u00e1 un gran apoyo para las personas que sufren de este tipo de enfermedades\u201d.\u00a0 <\/p>\n\n\n\n<p>En tanto, la SEREMI de Salud, Mariela Rojas, explic\u00f3 que \u201ctodas las familias en Chile y tambi\u00e9n en Magallanes est\u00e1bamos esperando medidas de este tipo, que pudieran abarcar mayor cantidad de poblaci\u00f3n que padece, ya sea estos cuatro tipos de c\u00e1ncer, como tambi\u00e9n el Alzheimer. Sabemos que el Alzheimer es una enfermedad muy complicada, no s\u00f3lo para el paciente, sino tambi\u00e9n para la familia\u201d, agregando que se trata de patolog\u00edas que impactan en la familia en m\u00faltiples niveles, por lo que este anuncio del Gobierno viene a entregar apoyo para enfrentar estas adversidades. <\/p>\n\n\n\n<p>\u201dPor ejemplo hay m\u00e1s de 200.000 chilenos que presentan alguna demencia, y en Punta Arenas 57 personas se atienden en el centro Quemanta por esta codici\u00f3n, de ah\u00ed la importancia de este anuncio, tanto para el diagn\u00f3stico como el tratamiento de estas patolog\u00edas\u201d, detall\u00f3.<\/p>\n\n\n\n<p><strong>La SEREMI de Gobierno, Alejandra Mu\u00f1oz, indic\u00f3 que <\/strong>\u00abestamos muy contentos y\norgullosos del anuncio realizado por el Presidente Sebasti\u00e1n Pi\u00f1era, respecto a\nla incorporaci\u00f3n de estas nuevas patolog\u00edas al AUGE. Uno de los pilares del\nprograma de Gobierno es justamente lo relacionado a fortalecer la salud de los\nchilenos, ya que no solo se trata de los pacientes afectados por estas\nenfermedades, sino tambi\u00e9n que esta ayuda les permita aliviar el presupuesto\nfamiliar, por el alto costo que tienen este tipo de tratamientos\u201d.<\/p>\n\n\n\n<p>Respecto\nde las cifras locales, la Subdirectora de Gesti\u00f3n Asistencial del Servicio de\nSalud Magallanes, Dra. Mar\u00eda Isabel Iduya, inform\u00f3 que, \u201cdurante el a\u00f1o 2018 se\natendieron 80 pacientes de estas cuatro patolog\u00edas oncol\u00f3gicas que se\nincorporan al GES; 47 pacientes con c\u00e1ncer pulmonar, 21 pacientes con c\u00e1ncer\nrenal, 6 pacientes con mieloma y 6 pacientes con c\u00e1ncer de tiroides; (\u2026).\n&nbsp;Es factible que con la entrada en vigencia de estas patolog\u00edas GES en\noctubre, el n\u00famero aumente debido a que el GES permite garantizar la\noportunidad en el inicio del tratamiento y en las coberturas por lo tanto es\nprobable un peque\u00f1o aumento\u201d.<\/p>\n\n\n\n<p>Consultada\nla Subdirectora de Gesti\u00f3n Asistencial, sobre que involucra que estas\npatolog\u00edas sean AUGE, se\u00f1al\u00f3 que, \u201cpara estos pacientes se entrega una canasta\nque est\u00e1 garantizada, como dijo el Intendente existe un 20% de copago que va a\ndepender del tipo de FONASA e ISAPRE (\u2026) no podemos olvidar que ya hab\u00eda otras\n18 patolog\u00edas que de alguna u otra manera abordaban distintos \u00e1mbitos de los\npacientes oncol\u00f3gicos y esto viene a aumentar la gama y el n\u00famero de patolog\u00edas\noncol\u00f3gicas espec\u00edficas, de problemas espec\u00edficos para nuestra gente\u201d,\npuntualiz\u00f3 la Dra. Iduya.<\/p>\n\n\n\n<p><strong>Los beneficios que se incorporan en AUGE 85<\/strong><strong><\/strong><\/p>\n\n\n\n<p>La ampliaci\u00f3n de las enfermedades que ingresan al AUGE se hizo siguiendo los criterios de priorizaci\u00f3n que consideran, entre otros factores, la cantidad de poblaci\u00f3n que se ve afectada por la enfermedad, los a\u00f1os de vida saludable perdidos que implica sufrirla, la existencia de un tratamiento efectivo, la capacidad de los sistemas p\u00fablico y privado de atender, con equidad, al conjunto de la poblaci\u00f3n. <\/p>\n\n\n\n<p><strong>C\u00e1ncer de\nPulm\u00f3n.<\/strong><strong><\/strong><\/p>\n\n\n\n<p>Toda persona mayor de 15 a\u00f1os con sospecha de C\u00e1ncer de Pulm\u00f3n tendr\u00e1 acceso a confirmaci\u00f3n diagn\u00f3stica dentro de un plazo de 30 d\u00edas, adem\u00e1s de tratamiento y seguimiento de su enfermedad. Si la persona ya est\u00e1 diagnosticada, su tratamiento ahora contar\u00e1 con cobertura financiera. La poblaci\u00f3n beneficiada es de 2.500 personas a nivel nacional.<\/p>\n\n\n\n<p><strong>C\u00e1ncer de\nTiroides <\/strong><strong><\/strong><\/p>\n\n\n\n<p>Todo beneficiario de 15 a\u00f1os y m\u00e1s, con confirmaci\u00f3n diagn\u00f3stica tendr\u00e1 acceso a tratamiento quir\u00fargico o, terapias adyuvantes, como quimioterapia y\/o radioterapia.\u00a0 En el primer caso 30 d\u00edas despu\u00e9s de la etapificaci\u00f3n del c\u00e1ncer (Etapa en que a trav\u00e9s de una serie de ex\u00e1menes se determina severidad del c\u00e1ncer) y, en el segundo, 30 d\u00edas despu\u00e9s de la indicaci\u00f3n m\u00e9dica. Tambi\u00e9n se incluye el seguimiento, es decir, control m\u00e9dico despu\u00e9s del t\u00e9rmino del tratamiento. Poblaci\u00f3n estimada nacional: 1.000. <\/p>\n\n\n\n<p><strong>C\u00e1ncer Renal<\/strong><strong><\/strong><\/p>\n\n\n\n<p>Toda persona mayor de 15 a\u00f1os con confirmaci\u00f3n diagn\u00f3stica, la que tendr\u00e1 acceso a tratamiento 30 d\u00edas desde la indicaci\u00f3n m\u00e9dica y etapificaci\u00f3n (45 d\u00edas desde la confirmaci\u00f3n diagn\u00f3stica). Poblaci\u00f3n estimada nacional: 1.300 personas.<\/p>\n\n\n\n<p><strong>Mieloma M\u00faltiple\n<\/strong><strong><\/strong><\/p>\n\n\n\n<p>Se estima que en el pa\u00eds 2.000 personas padecen esta enfermedad. En ese caso se garantiza el tratamiento, etapificaci\u00f3n y seguimiento de la patolog\u00eda, una vez que se tenga la confirmaci\u00f3n diagn\u00f3stica. En caso de que la enfermedad ya est\u00e9 diagnosticada, la cobertura de su tratamiento. La etapificaci\u00f3n se realizar\u00e1 dentro de 45 d\u00edas desde la confirmaci\u00f3n diagn\u00f3stica. Mientras que el tratamiento, dentro de 30 d\u00edas desde la indicaci\u00f3n m\u00e9dica. Al igual que en la terapia adyuvante. <\/p>\n\n\n\n<p><strong>Enfermedad de\nAlzheimer y otras demencias<\/strong><strong><\/strong><\/p>\n\n\n\n<p>En Chile al 2019, existe cerca de 220 mil personas afectadas por alguna demencia, n\u00famero que por el envejecimiento poblacional se incrementa a\u00f1o a a\u00f1o. Garant\u00eda de acceso: Todo beneficiario con sospecha de alguna de estas enfermedades tendr\u00e1 acceso a confirmaci\u00f3n diagn\u00f3stica 60 d\u00edas despu\u00e9s de la sospecha y tratamiento, en un plazo m\u00e1ximo de 60 d\u00edas despu\u00e9s de confirmar la enfermedad. Poblaci\u00f3n estimada nacional: 20.000 personas.<\/p>\n\n\n\n<figure class=\"wp-block-image\"><img loading=\"lazy\" decoding=\"async\" width=\"900\" height=\"600\" src=\"https:\/\/www.radiopresidenteibanez.cl\/web\/wp-content\/uploads\/2019\/07\/DSC_0031-Copy.jpg\" alt=\"\" class=\"wp-image-5621\" srcset=\"https:\/\/www.radiopresidenteibanez.cl\/web\/wp-content\/uploads\/2019\/07\/DSC_0031-Copy.jpg 900w, https:\/\/www.radiopresidenteibanez.cl\/web\/wp-content\/uploads\/2019\/07\/DSC_0031-Copy-300x200.jpg 300w, https:\/\/www.radiopresidenteibanez.cl\/web\/wp-content\/uploads\/2019\/07\/DSC_0031-Copy-768x512.jpg 768w\" sizes=\"auto, (max-width: 900px) 100vw, 900px\" \/><\/figure>\n","protected":false},"excerpt":{"rendered":"<p>Destacando la incorporaci\u00f3n de nuevas enfermedades al Plan de Garant\u00edas Expl\u00edcitas en Salud, m\u00e1s conocido como AUGE, el Intendente de Magallanes, Jos\u00e9 Fern\u00e1ndez, junto a la SEREMI de Gobierno, Alejandra&#8230; <a class=\"read-more\" href=\"https:\/\/www.radiopresidenteibanez.cl\/web\/autoridades-regionales-destacaron-incorporacion-de-5-nuevas-patologias-al-auge\/\">Leer m\u00e1s<\/a><\/p>\n","protected":false},"author":2,"featured_media":5621,"comment_status":"closed","ping_status":"closed","sticky":false,"template":"","format":"standard","meta":{"footnotes":""},"categories":[1],"tags":[],"class_list":["post-5620","post","type-post","status-publish","format-standard","has-post-thumbnail","hentry","category-cronica"],"_links":{"self":[{"href":"https:\/\/www.radiopresidenteibanez.cl\/web\/wp-json\/wp\/v2\/posts\/5620","targetHints":{"allow":["GET"]}}],"collection":[{"href":"https:\/\/www.radiopresidenteibanez.cl\/web\/wp-json\/wp\/v2\/posts"}],"about":[{"href":"https:\/\/www.radiopresidenteibanez.cl\/web\/wp-json\/wp\/v2\/types\/post"}],"author":[{"embeddable":true,"href":"https:\/\/www.radiopresidenteibanez.cl\/web\/wp-json\/wp\/v2\/users\/2"}],"replies":[{"embeddable":true,"href":"https:\/\/www.radiopresidenteibanez.cl\/web\/wp-json\/wp\/v2\/comments?post=5620"}],"version-history":[{"count":0,"href":"https:\/\/www.radiopresidenteibanez.cl\/web\/wp-json\/wp\/v2\/posts\/5620\/revisions"}],"wp:featuredmedia":[{"embeddable":true,"href":"https:\/\/www.radiopresidenteibanez.cl\/web\/wp-json\/wp\/v2\/media\/5621"}],"wp:attachment":[{"href":"https:\/\/www.radiopresidenteibanez.cl\/web\/wp-json\/wp\/v2\/media?parent=5620"}],"wp:term":[{"taxonomy":"category","embeddable":true,"href":"https:\/\/www.radiopresidenteibanez.cl\/web\/wp-json\/wp\/v2\/categories?post=5620"},{"taxonomy":"post_tag","embeddable":true,"href":"https:\/\/www.radiopresidenteibanez.cl\/web\/wp-json\/wp\/v2\/tags?post=5620"}],"curies":[{"name":"wp","href":"https:\/\/api.w.org\/{rel}","templated":true}]}}