{"id":56198,"date":"2025-05-08T15:15:00","date_gmt":"2025-05-08T18:15:00","guid":{"rendered":"https:\/\/www.radiopresidenteibanez.cl\/web\/?p=56198"},"modified":"2025-05-08T10:22:42","modified_gmt":"2025-05-08T13:22:42","slug":"umag-ofrecera-funciones-de-teatro-historico-este-domingo-en-el-museo-del-recuerdo","status":"publish","type":"post","link":"https:\/\/www.radiopresidenteibanez.cl\/web\/umag-ofrecera-funciones-de-teatro-historico-este-domingo-en-el-museo-del-recuerdo\/","title":{"rendered":"UMAG ofrecer\u00e1 funciones de teatro hist\u00f3rico este domingo en el Museo del Recuerdo"},"content":{"rendered":"\n<p>Para celebrar el D\u00eda Nacional del Teatro, el elenco de Teatro de la Universidad de Magallanes (UMAG), extiende la invitaci\u00f3n a toda la comunidad magall\u00e1nica a asistir este domingo 11 de mayo a una nueva presentaci\u00f3n de la obra&nbsp;<strong>\u201cAYNKAN\u201d<\/strong>, un montaje de teatro museogr\u00e1fico que narra lo que fue la esclavitud dom\u00e9stica a la que fueron sometidas mujeres del pueblo Selk\u2019 nam, en la Punta Arenas de fines del siglo XIX.&nbsp;&nbsp;<\/p>\n\n\n\n<p>En esta fecha, establecida en homenaje al nacimiento de uno de los artistas m\u00e1s influyentes de la escena chilena Andr\u00e9s P\u00e9rez Araya, se realizar\u00e1n cuatro funciones en el Museo del Recuerdo del Instituto de la Patagonia, a las&nbsp;<strong>18.30, 19.00, 19.30 y 20.00 horas<\/strong>. Las inscripciones se hacen escribiendo al correo&nbsp;<a href=\"mailto:nmayorga@umag.cl\" target=\"_blank\" rel=\"noreferrer noopener\">nmayorga@umag.cl<\/a>&nbsp;o al n\u00famero de Whatsapp +569 99718012. Pueden saber m\u00e1s sobre esta y otras actividades esc\u00e9nicas en la cuenta de Instagram&nbsp;<a href=\"https:\/\/www.instagram.com\/teatroelencoumag\/\" target=\"_blank\" rel=\"noreferrer noopener\">@teatroelencoumag<\/a><\/p>\n","protected":false},"excerpt":{"rendered":"<p>Para celebrar el D\u00eda Nacional del Teatro, el elenco de Teatro de la Universidad de Magallanes (UMAG), extiende la invitaci\u00f3n a toda la comunidad magall\u00e1nica a asistir este domingo 11&#8230; <a class=\"read-more\" href=\"https:\/\/www.radiopresidenteibanez.cl\/web\/umag-ofrecera-funciones-de-teatro-historico-este-domingo-en-el-museo-del-recuerdo\/\">Leer m\u00e1s<\/a><\/p>\n","protected":false},"author":2,"featured_media":56199,"comment_status":"closed","ping_status":"closed","sticky":false,"template":"","format":"standard","meta":{"footnotes":""},"categories":[1],"tags":[],"class_list":["post-56198","post","type-post","status-publish","format-standard","has-post-thumbnail","hentry","category-cronica"],"_links":{"self":[{"href":"https:\/\/www.radiopresidenteibanez.cl\/web\/wp-json\/wp\/v2\/posts\/56198","targetHints":{"allow":["GET"]}}],"collection":[{"href":"https:\/\/www.radiopresidenteibanez.cl\/web\/wp-json\/wp\/v2\/posts"}],"about":[{"href":"https:\/\/www.radiopresidenteibanez.cl\/web\/wp-json\/wp\/v2\/types\/post"}],"author":[{"embeddable":true,"href":"https:\/\/www.radiopresidenteibanez.cl\/web\/wp-json\/wp\/v2\/users\/2"}],"replies":[{"embeddable":true,"href":"https:\/\/www.radiopresidenteibanez.cl\/web\/wp-json\/wp\/v2\/comments?post=56198"}],"version-history":[{"count":0,"href":"https:\/\/www.radiopresidenteibanez.cl\/web\/wp-json\/wp\/v2\/posts\/56198\/revisions"}],"wp:featuredmedia":[{"embeddable":true,"href":"https:\/\/www.radiopresidenteibanez.cl\/web\/wp-json\/wp\/v2\/media\/56199"}],"wp:attachment":[{"href":"https:\/\/www.radiopresidenteibanez.cl\/web\/wp-json\/wp\/v2\/media?parent=56198"}],"wp:term":[{"taxonomy":"category","embeddable":true,"href":"https:\/\/www.radiopresidenteibanez.cl\/web\/wp-json\/wp\/v2\/categories?post=56198"},{"taxonomy":"post_tag","embeddable":true,"href":"https:\/\/www.radiopresidenteibanez.cl\/web\/wp-json\/wp\/v2\/tags?post=56198"}],"curies":[{"name":"wp","href":"https:\/\/api.w.org\/{rel}","templated":true}]}}