{"id":56189,"date":"2025-05-08T10:53:00","date_gmt":"2025-05-08T13:53:00","guid":{"rendered":"https:\/\/www.radiopresidenteibanez.cl\/web\/?p=56189"},"modified":"2025-05-08T10:05:04","modified_gmt":"2025-05-08T13:05:04","slug":"este-sabado-tendra-lugar-nueva-plaza-de-justicia-en-el-barrio-18","status":"publish","type":"post","link":"https:\/\/www.radiopresidenteibanez.cl\/web\/este-sabado-tendra-lugar-nueva-plaza-de-justicia-en-el-barrio-18\/","title":{"rendered":"ESTE S\u00c1BADO TENDR\u00c1 LUGAR NUEVA \u201cPLAZA DE JUSTICIA\u201d EN EL BARRIO 18"},"content":{"rendered":"\n<p>Este s\u00e1bado 10 de mayo, de 15:00 a 17:00 horas, la Secretar\u00eda Regional Ministerial de Justicia y<br>Derechos Humanos llevar\u00e1 a cabo su quinta \u201cPlaza de Justicia y Derechos Humanos\u201d del a\u00f1o,<br>despliegue territorial que contar\u00e1 con la presencia de los servicios dependientes y relacionados de<br>la cartera de Justicia. En esta oportunidad, las atenciones en terreno se desarrollar\u00e1n en la Junta<br>de Vecinos N\u00b022 \u201cMateo de Toro y Zambrano\u201d, ubicada en Ram\u00f3n Carnicer N\u00b00299, Barrio 18 de<br>Septiembre, en Punta Arenas.<br>Como es habitual, la actividad busca acercar la justicia y sus servicios a la comunidad, en especial a<br>los vecinos de este tradicional sector. All\u00ed, las y los asistentes podr\u00e1n acceder a diversas atenciones<br>gratuitas en materias de asesor\u00eda jur\u00eddica, tr\u00e1mites de identificaci\u00f3n e informaci\u00f3n sobre el<br>proceso de eliminaci\u00f3n de antecedentes penales, entre otras materias.<br>Participar\u00e1n los distintos organismos de la cartera de Justicia y Derechos Humanos: Registro Civil e<br>Identificaci\u00f3n, Defensor\u00eda Penal P\u00fablica, Servicio Nacional de Reinserci\u00f3n Social Juvenil,<br>Corporaci\u00f3n de Asistencia Judicial (CAJ), Servicio M\u00e9dico Legal (SML) y Gendarmer\u00eda de Chile. A<br>ellos se sumar\u00e1 el Servicio Nacional de Migraciones para brindar atenci\u00f3n y apoyo a residentes<br>extranjeros en sus consultas referidas a tr\u00e1mites migratorios.<br>La Seremi Michelle Peutat extendi\u00f3 una especial invitaci\u00f3n a toda la comunidad a participar de<br>esta instancia informativa y de acceso a la justicia. Y para quienes no puedan asistir a esta jornada,<br>la autoridad inst\u00f3 a la ciudadan\u00eda a mantenerse atenta a las redes sociales de la SEREM\u00cdA de<br>Justicia y DD.HH., acerca de la realizaci\u00f3n de atenciones extraordinarias en distintas comunas de la<br>regi\u00f3n.<\/p>\n","protected":false},"excerpt":{"rendered":"<p>Este s\u00e1bado 10 de mayo, de 15:00 a 17:00 horas, la Secretar\u00eda Regional Ministerial de Justicia yDerechos Humanos llevar\u00e1 a cabo su quinta \u201cPlaza de Justicia y Derechos Humanos\u201d del&#8230; <a class=\"read-more\" href=\"https:\/\/www.radiopresidenteibanez.cl\/web\/este-sabado-tendra-lugar-nueva-plaza-de-justicia-en-el-barrio-18\/\">Leer m\u00e1s<\/a><\/p>\n","protected":false},"author":2,"featured_media":56190,"comment_status":"closed","ping_status":"closed","sticky":false,"template":"","format":"standard","meta":{"footnotes":""},"categories":[1],"tags":[],"class_list":["post-56189","post","type-post","status-publish","format-standard","has-post-thumbnail","hentry","category-cronica"],"_links":{"self":[{"href":"https:\/\/www.radiopresidenteibanez.cl\/web\/wp-json\/wp\/v2\/posts\/56189","targetHints":{"allow":["GET"]}}],"collection":[{"href":"https:\/\/www.radiopresidenteibanez.cl\/web\/wp-json\/wp\/v2\/posts"}],"about":[{"href":"https:\/\/www.radiopresidenteibanez.cl\/web\/wp-json\/wp\/v2\/types\/post"}],"author":[{"embeddable":true,"href":"https:\/\/www.radiopresidenteibanez.cl\/web\/wp-json\/wp\/v2\/users\/2"}],"replies":[{"embeddable":true,"href":"https:\/\/www.radiopresidenteibanez.cl\/web\/wp-json\/wp\/v2\/comments?post=56189"}],"version-history":[{"count":0,"href":"https:\/\/www.radiopresidenteibanez.cl\/web\/wp-json\/wp\/v2\/posts\/56189\/revisions"}],"wp:featuredmedia":[{"embeddable":true,"href":"https:\/\/www.radiopresidenteibanez.cl\/web\/wp-json\/wp\/v2\/media\/56190"}],"wp:attachment":[{"href":"https:\/\/www.radiopresidenteibanez.cl\/web\/wp-json\/wp\/v2\/media?parent=56189"}],"wp:term":[{"taxonomy":"category","embeddable":true,"href":"https:\/\/www.radiopresidenteibanez.cl\/web\/wp-json\/wp\/v2\/categories?post=56189"},{"taxonomy":"post_tag","embeddable":true,"href":"https:\/\/www.radiopresidenteibanez.cl\/web\/wp-json\/wp\/v2\/tags?post=56189"}],"curies":[{"name":"wp","href":"https:\/\/api.w.org\/{rel}","templated":true}]}}