{"id":56186,"date":"2025-05-08T09:38:00","date_gmt":"2025-05-08T12:38:00","guid":{"rendered":"https:\/\/www.radiopresidenteibanez.cl\/web\/?p=56186"},"modified":"2025-05-08T08:39:21","modified_gmt":"2025-05-08T11:39:21","slug":"slep-magallanes-y-delegacion-presidencial-regional-firman-acuerdo-para-favorecer-intervenciones-sociales-y-preventivas-con-estudiantes","status":"publish","type":"post","link":"https:\/\/www.radiopresidenteibanez.cl\/web\/slep-magallanes-y-delegacion-presidencial-regional-firman-acuerdo-para-favorecer-intervenciones-sociales-y-preventivas-con-estudiantes\/","title":{"rendered":"SLEP Magallanes y Delegaci\u00f3n Presidencial Regional firman acuerdo para favorecer intervenciones sociales y preventivas con estudiantes"},"content":{"rendered":"\n<p>Durante la tarde de este mi\u00e9rcoles un importante acuerdo se gest\u00f3 entre el Servicio Local de<br>Educaci\u00f3n P\u00fablica Magallanes y la Delegaci\u00f3n Presidencial Regional tras la firma de un convenio de colaboraci\u00f3n con programas sociales que abordan problem\u00e1ticas que pueden afectar a ni\u00f1os,<br>ni\u00f1as y adolescentes.<br>Se trata del programa Lazos y el programa SENDA Previene, que abordan problem\u00e1ticas sociales<br>complejas como el consumo de alcohol y sustancias il\u00edcitas y factores disruptivos socio-delictuales<br>en j\u00f3venes.<br>\u201cEl convenio de colaboraci\u00f3n es un instrumento que nosotros desarrollamos tanto en lo p\u00fablico<br>como en lo privado para generar lazos y, en estricto rigor, trabajar en comunidad con las<br>instituciones p\u00fablicas, en funci\u00f3n de mejorar la convivencia escolar de los establecimientos. Estos<br>programas nos han ayudado mucho, incluso el a\u00f1o pasado se atendieron a m\u00e1s de 160 alumnos\u201d<br>declar\u00f3 el Director Ejecutivo (s) del SLEP Magallanes, Jorge Vald\u00e9s Or\u00f3stica.<br>Por su parte el Delgado Presidencial Regional, Jos\u00e9 Ruiz Pivcevic, explic\u00f3: \u201cel principal objetivo de<br>estos programas es orientar a las comunidades educativas a mejorar la convivencia escolar y, por<br>cierto, identificar los factores protectores para fortalecerlos. Realmente estamos muy contentos<br>porque, m\u00e1s all\u00e1 de las voluntades de la autoridad, la idea es que esto se institucionalice por un<br>desarrollo integral de los ni\u00f1os y ni\u00f1as adolescentes de nuestra regi\u00f3n\u201d.<br>\u201cTenemos a una dupla preparada, son dos profesionales que trabajan en la intervenci\u00f3n con ni\u00f1os,<br>ni\u00f1as y adolescentes que se dividen en grupos y se hacen intervenciones de distintas \u00e1reas,<br>obviamente trabajando en lo que es la prevenci\u00f3n del consumo de alcohol y otras drogas\u201d<br>mencion\u00f3 el coordinador del programa SENDA Previene, Esteban Maldonado.<br>Estos trabajos tambi\u00e9n son realizados con apoderados, seg\u00fan explica el coordinador del equipo de<br>parentalidad positiva del Programa Lazos, Diego Baeza: \u201cnosotros ya llevamos un a\u00f1o de arduo<br>trabajo en parentalidad positiva con intervenciones que son espec\u00edficas a los padres, madres y<br>cuidadores de adolescentes mediante charlas y la entrega de distintas estrategias de crianza\u201d.<br>Los dos programas sociales del convenio ejecutados por la Delegaci\u00f3n Presidencial de Magallanes,<br>se llevan a cabo en la comuna de Punta Arenas.<\/p>\n","protected":false},"excerpt":{"rendered":"<p>Durante la tarde de este mi\u00e9rcoles un importante acuerdo se gest\u00f3 entre el Servicio Local deEducaci\u00f3n P\u00fablica Magallanes y la Delegaci\u00f3n Presidencial Regional tras la firma de un convenio de&#8230; <a class=\"read-more\" href=\"https:\/\/www.radiopresidenteibanez.cl\/web\/slep-magallanes-y-delegacion-presidencial-regional-firman-acuerdo-para-favorecer-intervenciones-sociales-y-preventivas-con-estudiantes\/\">Leer m\u00e1s<\/a><\/p>\n","protected":false},"author":2,"featured_media":56187,"comment_status":"closed","ping_status":"closed","sticky":false,"template":"","format":"standard","meta":{"footnotes":""},"categories":[1],"tags":[],"class_list":["post-56186","post","type-post","status-publish","format-standard","has-post-thumbnail","hentry","category-cronica"],"_links":{"self":[{"href":"https:\/\/www.radiopresidenteibanez.cl\/web\/wp-json\/wp\/v2\/posts\/56186","targetHints":{"allow":["GET"]}}],"collection":[{"href":"https:\/\/www.radiopresidenteibanez.cl\/web\/wp-json\/wp\/v2\/posts"}],"about":[{"href":"https:\/\/www.radiopresidenteibanez.cl\/web\/wp-json\/wp\/v2\/types\/post"}],"author":[{"embeddable":true,"href":"https:\/\/www.radiopresidenteibanez.cl\/web\/wp-json\/wp\/v2\/users\/2"}],"replies":[{"embeddable":true,"href":"https:\/\/www.radiopresidenteibanez.cl\/web\/wp-json\/wp\/v2\/comments?post=56186"}],"version-history":[{"count":0,"href":"https:\/\/www.radiopresidenteibanez.cl\/web\/wp-json\/wp\/v2\/posts\/56186\/revisions"}],"wp:featuredmedia":[{"embeddable":true,"href":"https:\/\/www.radiopresidenteibanez.cl\/web\/wp-json\/wp\/v2\/media\/56187"}],"wp:attachment":[{"href":"https:\/\/www.radiopresidenteibanez.cl\/web\/wp-json\/wp\/v2\/media?parent=56186"}],"wp:term":[{"taxonomy":"category","embeddable":true,"href":"https:\/\/www.radiopresidenteibanez.cl\/web\/wp-json\/wp\/v2\/categories?post=56186"},{"taxonomy":"post_tag","embeddable":true,"href":"https:\/\/www.radiopresidenteibanez.cl\/web\/wp-json\/wp\/v2\/tags?post=56186"}],"curies":[{"name":"wp","href":"https:\/\/api.w.org\/{rel}","templated":true}]}}