{"id":56183,"date":"2025-05-08T08:09:13","date_gmt":"2025-05-08T11:09:13","guid":{"rendered":"https:\/\/www.radiopresidenteibanez.cl\/web\/?p=56183"},"modified":"2025-05-08T08:09:20","modified_gmt":"2025-05-08T11:09:20","slug":"autoridades-se-reunieron-en-cogrid-nacional-y-regional-para-coordinar-el-plan-invierno-2025","status":"publish","type":"post","link":"https:\/\/www.radiopresidenteibanez.cl\/web\/autoridades-se-reunieron-en-cogrid-nacional-y-regional-para-coordinar-el-plan-invierno-2025\/","title":{"rendered":"Autoridades se reunieron en Cogrid Nacional y Regional para coordinar el Plan Invierno 2025"},"content":{"rendered":"\n<p>En las dependencias del Servicio Nacional de<br>Prevenci\u00f3n y Respuesta ante Desastres (Senapred) Magallanes, se llev\u00f3 a cabo una<br>reuni\u00f3n del Comit\u00e9 de Gesti\u00f3n del Riesgo de Desastres (Cogrid), tanto con alcance<br>nacional como regional, para presentar el Plan Invierno 2025.<br>Al respecto, el delegado presidencial regional de Magallanes y la Ant\u00e1rtica Chilena, Jos\u00e9<br>Ru\u00edz, destac\u00f3 que \u201cparticularmente en invierno estamos sujetos a diversos riesgos. Sin ir<br>m\u00e1s lejos, el d\u00eda de ayer tuvimos una cantidad de precipitaciones que, en el acumulado, es<br>lo que llueve en tres meses, por tanto, una intensidad bastante fuerte. El a\u00f1o pasado<br>tuvimos el desborde del r\u00edo R\u00f3balo, tuvimos las fuertes heladas en invierno, entonces el<br>anticipar esos escenarios y sobre todo ver la capacidad de respuesta que tiene el<br>Ministerio de Obras P\u00fablicas, en la operatividad de los caminos para otorgar m\u00e1s<br>seguridad, la campa\u00f1a de vacunaci\u00f3n en salud, lo que est\u00e1 haciendo el Ministerio de<br>Agricultura respecto a los problemas de agroganaderos, en fin, hay una serie de<br>respuestas que tiene el Estado sobre todo para anticipar escenarios. Mientras m\u00e1s se<br>anticipe, m\u00e1s capacidad de respuesta inmediata se tiene y eso es fundamental para atacar<br>las emergencias\u201d.<br>Juan Carlos Andrades, director regional de Senapred Magallanes, destac\u00f3 factores que<br>generalmente afectan a los magall\u00e1nicos durante la \u00e9poca m\u00e1s fr\u00eda del a\u00f1o. \u201cLas bajas<br>temperaturas, las nevadas intensas, las lluvias intensas que acabamos de vivir el d\u00eda de<br>ayer, accidentes carreteros, producto precisamente de la escarcha, son aspectos que<br>conocemos como comunidad. Est\u00e1 disponible en nuestra p\u00e1gina www.senapred.cl las<br>recomendaciones correspondientes que hace el servicio y a su vez tambi\u00e9n cada sector &#8211;<br>salud, obras p\u00fablicas, agricultura- respecto de c\u00f3mo debemos enfrentar el invierno\u201d<br>agreg\u00f3 la autoridad.<br>El comandante en jefe de la Tercera Zona Naval, contraalmirante Jorge Castillo, quien<br>adem\u00e1s particip\u00f3 en el Cogrid como representante del Comando Conjunto Austral, se\u00f1al\u00f3<br>que \u201cestamos ac\u00e1 para coordinar con todas las entidades del Estado la posibilidad de<br>hacer uso de la polivalencia de nuestros medios, que si bien es cierto est\u00e1n dise\u00f1ados,<\/p>\n\n\n\n<p>est\u00e1n preparados para otra cosa, nosotros s\u00ed podemos apoyar de gran manera las<br>emergencias que suceden en la regi\u00f3n\u201d.<br>Respecto a la alerta amarilla que Senapred anunci\u00f3 durante la jornada de este martes por<br>las fuertes lluvias que se registraron en Punta Arenas, ya se declar\u00f3 un cambio en la<br>medida este mi\u00e9rcoles.<br>El director regional de Senapred Magallanes, enfatiz\u00f3 en que \u201chemos levantado la alerta<br>amarilla y tambi\u00e9n la alerta temprana preventiva por este evento meteorol\u00f3gico que nos<br>afect\u00f3. En este momento hemos concluido la emergencia, pero no la rehabilitaci\u00f3n. Todos<br>los sectores que est\u00e1n trabajando en este minuto en rehabilitar las afectaciones que<br>fueron menores en algunos sectores, sobre todo los periurbanos, de la comuna\u201d.<br>Agreg\u00f3 adem\u00e1s que a su vez \u201clas empresas, en este caso Gasco, que es de infraestructura<br>cr\u00edtica, tambi\u00e9n est\u00e1n revisando sus instalaciones para poder volver a la normalidad y a la<br>operaci\u00f3n completa y normal de sus capacidades de distribuci\u00f3n\u201d. Recordemos que la<br>planta de la empresa ubicada cerca del Estero Llau Llau fue monitoreada por la crecida del<br>cauce, pero el trabajo preventivo permiti\u00f3 que la infraestructura no estuviera en ning\u00fan<br>momento bajo peligro.<br>Desde la Armada se\u00f1alaron que \u201cse tomaron todas las medidas preventivas en el borde<br>costero, haciendo zarpar algunos buques, tuvimos algunos eventos de nave abandonada,<br>pero menores. Con respecto a los rebalses, estuvimos con nuestra capacidad humana<br>disponible en caso de necesidad y gracias a Dios la emergencia est\u00e1 superada\u201d.<br>Finalmente, el delegado presidencial regional destac\u00f3 que \u201cla infraestructura cr\u00edtica<br>soport\u00f3 muy bien, con el r\u00e1pido control que hubo ante la emergencia, y la Direcci\u00f3n<br>General de Aguas nos inform\u00f3 a primera hora de la ma\u00f1ana que los cauces est\u00e1n<br>normales y a la baja, por lo tanto, la situaci\u00f3n de ayer va decantando\u201d.<br>Las precipitaciones comenzaron a disminuir cerca de las 3:30 de la madrugada de este<br>mi\u00e9rcoles, marcando el cierre de un evento meteorol\u00f3gico que pone en evidencia la<br>importancia de las coordinaciones ya establecidas entre organismos p\u00fablicos y privados<br>para enfrentar el invierno 2025.<\/p>\n","protected":false},"excerpt":{"rendered":"<p>En las dependencias del Servicio Nacional dePrevenci\u00f3n y Respuesta ante Desastres (Senapred) Magallanes, se llev\u00f3 a cabo unareuni\u00f3n del Comit\u00e9 de Gesti\u00f3n del Riesgo de Desastres (Cogrid), tanto con alcancenacional&#8230; <a class=\"read-more\" href=\"https:\/\/www.radiopresidenteibanez.cl\/web\/autoridades-se-reunieron-en-cogrid-nacional-y-regional-para-coordinar-el-plan-invierno-2025\/\">Leer m\u00e1s<\/a><\/p>\n","protected":false},"author":2,"featured_media":56184,"comment_status":"closed","ping_status":"closed","sticky":false,"template":"","format":"standard","meta":{"footnotes":""},"categories":[1],"tags":[],"class_list":["post-56183","post","type-post","status-publish","format-standard","has-post-thumbnail","hentry","category-cronica"],"_links":{"self":[{"href":"https:\/\/www.radiopresidenteibanez.cl\/web\/wp-json\/wp\/v2\/posts\/56183","targetHints":{"allow":["GET"]}}],"collection":[{"href":"https:\/\/www.radiopresidenteibanez.cl\/web\/wp-json\/wp\/v2\/posts"}],"about":[{"href":"https:\/\/www.radiopresidenteibanez.cl\/web\/wp-json\/wp\/v2\/types\/post"}],"author":[{"embeddable":true,"href":"https:\/\/www.radiopresidenteibanez.cl\/web\/wp-json\/wp\/v2\/users\/2"}],"replies":[{"embeddable":true,"href":"https:\/\/www.radiopresidenteibanez.cl\/web\/wp-json\/wp\/v2\/comments?post=56183"}],"version-history":[{"count":0,"href":"https:\/\/www.radiopresidenteibanez.cl\/web\/wp-json\/wp\/v2\/posts\/56183\/revisions"}],"wp:featuredmedia":[{"embeddable":true,"href":"https:\/\/www.radiopresidenteibanez.cl\/web\/wp-json\/wp\/v2\/media\/56184"}],"wp:attachment":[{"href":"https:\/\/www.radiopresidenteibanez.cl\/web\/wp-json\/wp\/v2\/media?parent=56183"}],"wp:term":[{"taxonomy":"category","embeddable":true,"href":"https:\/\/www.radiopresidenteibanez.cl\/web\/wp-json\/wp\/v2\/categories?post=56183"},{"taxonomy":"post_tag","embeddable":true,"href":"https:\/\/www.radiopresidenteibanez.cl\/web\/wp-json\/wp\/v2\/tags?post=56183"}],"curies":[{"name":"wp","href":"https:\/\/api.w.org\/{rel}","templated":true}]}}