{"id":5617,"date":"2019-07-09T14:52:48","date_gmt":"2019-07-09T14:52:48","guid":{"rendered":"http:\/\/www.radiopresidenteibanez.cl\/web\/?p=5617"},"modified":"2019-07-09T14:53:25","modified_gmt":"2019-07-09T14:53:25","slug":"vecinos-de-villa-costanera-de-puerto-natales-conocieron-el-programa-denuncia-seguro-y-la-comisaria-virtual","status":"publish","type":"post","link":"https:\/\/www.radiopresidenteibanez.cl\/web\/vecinos-de-villa-costanera-de-puerto-natales-conocieron-el-programa-denuncia-seguro-y-la-comisaria-virtual\/","title":{"rendered":"VECINOS DE VILLA COSTANERA DE PUERTO NATALES CONOCIERON EL PROGRAMA DENUNCIA SEGURO Y LA COMISAR\u00cdA VIRTUAL"},"content":{"rendered":"\n<p>La Gobernadora de \u00daltima\nEsperanza, Ana Mayorga Bahamonde, en compa\u00f1\u00eda de Carabineros de la segunda\ncomisaria de Natales y la Polic\u00eda de Investigaciones (PDI), realizaron una\nnueva jornada de puerta a puerta en Villa Costanera con la finalidad de\nentregar datos importantes en materia de seguridad ciudadana.<\/p>\n\n\n\n<p>&nbsp;En la ocasi\u00f3n, los vecinos de dicha poblaci\u00f3n,\nrecibieron material informativo de manos de la m\u00e1xima autoridad provincial\nsobre el programa \u201cDenuncia Seguro\u201d, iniciativa de Gobierno que pone a\ndisposici\u00f3n de las personas un n\u00famero telef\u00f3nico (600 400 01 01), al cual los\nvecinos de la provincia pueden llamar para entregar informaci\u00f3n acerca de\ndelitos de los que haya sido testigo, dando a conocer datos relevantes de forma\nan\u00f3nima.<\/p>\n\n\n\n<p>\u201cNos encontramos en este\npopular barrio de Puerto Natales para dar a conocer a los vecinos este programa\nllamado Denuncia Seguro. Lo que m\u00e1s me gustar\u00eda destacar de esta actividad es\nque se logr\u00f3 el objetivo de informar a la ciudadan\u00eda, objetivo que nos dio\nnuestro Presidente Sebasti\u00e1n Pi\u00f1era, que es acercar el Gobierno y la\nmodernizaci\u00f3n del Estado que estamos llevando a cabo hoy a la gente. Hoy muchas\npersonas nos agradecieron el haber realizado este puerta a puerta, donde\npudimos resolver dudas y escuchar inquietudes\u201d, indic\u00f3 la Gobernadora.<\/p>\n\n\n\n<p>Por otra parte,\nfuncionarios de la PDI de Puerto Natales realizaron el llamado a la comunidad a\nentregar cualquier antecedente o sospecha que exista cerca de su casa sobre\ntr\u00e1fico de drogas, tenencia de armas, venta de especies robadas, robos de casa,\nveh\u00edculos o animales, son solo algunas de las denuncias que se pueden realizar a\ntrav\u00e9s del tel\u00e9fono del Programa Denuncia Seguro, o tambi\u00e9n, las personas que\ndeseen obtener m\u00e1s informaci\u00f3n con respecto del tema pueden visitar la p\u00e1gina\nweb <a href=\"http:\/\/www.denunciaseguro.cl\">www.denunciaseguro.cl<\/a> <\/p>\n\n\n\n<p><strong>COMISARIA VIRTUAL<\/strong><\/p>\n\n\n\n<p>Finalmente, personal de Carabineros, encabezados por el Teniente Israel Villalobos, de la segunda comisaria, aprovecharon la instancia para entregar folletos informativos sobre la nueva \u201cComisaria Virtual\u201d y explicar a cada una de las personas a las que visitaron en el domicilio la plataforma virtual que permitir\u00e1 a la ciudadan\u00eda realizar tr\u00e1mites en l\u00ednea para que personal de la instituci\u00f3n tenga m\u00e1s tiempo efectivo en las calles combatiendo los diversos delitos que afectan a la provincia. Adem\u00e1s aprovecharon de reforzar la difusi\u00f3n de los tel\u00e9fonos de la Unidad comunitaria de la 2da comisar\u00eda y del Plan Cuadrante del sector.<\/p>\n\n\n\n<figure class=\"wp-block-image\"><img loading=\"lazy\" decoding=\"async\" width=\"900\" height=\"600\" src=\"https:\/\/www.radiopresidenteibanez.cl\/web\/wp-content\/uploads\/2019\/07\/IMG_2381.jpg\" alt=\"\" class=\"wp-image-5618\" srcset=\"https:\/\/www.radiopresidenteibanez.cl\/web\/wp-content\/uploads\/2019\/07\/IMG_2381.jpg 900w, https:\/\/www.radiopresidenteibanez.cl\/web\/wp-content\/uploads\/2019\/07\/IMG_2381-300x200.jpg 300w, https:\/\/www.radiopresidenteibanez.cl\/web\/wp-content\/uploads\/2019\/07\/IMG_2381-768x512.jpg 768w\" sizes=\"auto, (max-width: 900px) 100vw, 900px\" \/><\/figure>\n","protected":false},"excerpt":{"rendered":"<p>La Gobernadora de \u00daltima Esperanza, Ana Mayorga Bahamonde, en compa\u00f1\u00eda de Carabineros de la segunda comisaria de Natales y la Polic\u00eda de Investigaciones (PDI), realizaron una nueva jornada de puerta&#8230; <a class=\"read-more\" href=\"https:\/\/www.radiopresidenteibanez.cl\/web\/vecinos-de-villa-costanera-de-puerto-natales-conocieron-el-programa-denuncia-seguro-y-la-comisaria-virtual\/\">Leer m\u00e1s<\/a><\/p>\n","protected":false},"author":2,"featured_media":5618,"comment_status":"closed","ping_status":"closed","sticky":false,"template":"","format":"standard","meta":{"footnotes":""},"categories":[1],"tags":[],"class_list":["post-5617","post","type-post","status-publish","format-standard","has-post-thumbnail","hentry","category-cronica"],"_links":{"self":[{"href":"https:\/\/www.radiopresidenteibanez.cl\/web\/wp-json\/wp\/v2\/posts\/5617","targetHints":{"allow":["GET"]}}],"collection":[{"href":"https:\/\/www.radiopresidenteibanez.cl\/web\/wp-json\/wp\/v2\/posts"}],"about":[{"href":"https:\/\/www.radiopresidenteibanez.cl\/web\/wp-json\/wp\/v2\/types\/post"}],"author":[{"embeddable":true,"href":"https:\/\/www.radiopresidenteibanez.cl\/web\/wp-json\/wp\/v2\/users\/2"}],"replies":[{"embeddable":true,"href":"https:\/\/www.radiopresidenteibanez.cl\/web\/wp-json\/wp\/v2\/comments?post=5617"}],"version-history":[{"count":0,"href":"https:\/\/www.radiopresidenteibanez.cl\/web\/wp-json\/wp\/v2\/posts\/5617\/revisions"}],"wp:featuredmedia":[{"embeddable":true,"href":"https:\/\/www.radiopresidenteibanez.cl\/web\/wp-json\/wp\/v2\/media\/5618"}],"wp:attachment":[{"href":"https:\/\/www.radiopresidenteibanez.cl\/web\/wp-json\/wp\/v2\/media?parent=5617"}],"wp:term":[{"taxonomy":"category","embeddable":true,"href":"https:\/\/www.radiopresidenteibanez.cl\/web\/wp-json\/wp\/v2\/categories?post=5617"},{"taxonomy":"post_tag","embeddable":true,"href":"https:\/\/www.radiopresidenteibanez.cl\/web\/wp-json\/wp\/v2\/tags?post=5617"}],"curies":[{"name":"wp","href":"https:\/\/api.w.org\/{rel}","templated":true}]}}