{"id":56169,"date":"2025-05-07T14:20:00","date_gmt":"2025-05-07T17:20:00","guid":{"rendered":"https:\/\/www.radiopresidenteibanez.cl\/web\/?p=56169"},"modified":"2025-05-07T11:23:18","modified_gmt":"2025-05-07T14:23:18","slug":"oficializan-convenio-para-resguardar-legado-del-premio-nacional-de-historia-mateo-martinic","status":"publish","type":"post","link":"https:\/\/www.radiopresidenteibanez.cl\/web\/oficializan-convenio-para-resguardar-legado-del-premio-nacional-de-historia-mateo-martinic\/","title":{"rendered":"Oficializan convenio para resguardar legado del Premio Nacional de Historia Mateo Martinic"},"content":{"rendered":"\n<p>La Universidad de Magallanes y la&nbsp;<strong><a href=\"https:\/\/fundacionmateomartinic.cl\/\" target=\"_blank\" rel=\"noreferrer noopener\">Fundaci\u00f3n Mateo Martinic Beros<\/a><\/strong>&nbsp;oficializaron la firma de convenio a trav\u00e9s de la cual se sella la donaci\u00f3n de archivos documentales y poco m\u00e1s de 2.300 libros de la biblioteca personal del destacado historiador, ex acad\u00e9mico de la UMAG y Premio Nacional de Historia, abogado Mateo Martinic Beros.<\/p>\n\n\n\n<p>A trav\u00e9s de este convenio, firmado por el rector de la Universidad de Magallanes, Jos\u00e9 Maripani, y el presidente de la Fundaci\u00f3n Mateo Martinic Beros, Jos\u00e9 Antonio Martinic, no s\u00f3lo se materializa este v\u00ednculo entre la Universidad de Magallanes y uno de sus acad\u00e9micos m\u00e1s ilustres, sino que tambi\u00e9n se consolida un hito en la conservaci\u00f3n del patrimonio intelectual de la regi\u00f3n, proyectando su estudio y difusi\u00f3n a las nuevas generaciones.<\/p>\n\n\n\n<p>El acuerdo contempla la donaci\u00f3n de m\u00e1s de 2.300 libros de su biblioteca personal y una vasta colecci\u00f3n de documentos, la cual ser\u00e1 resguardada y dispuesta al acceso p\u00fablico en las instalaciones del Instituto de la Patagonia, espacio que lleva el nombre del investigador, en reconocimiento a su contribuci\u00f3n al conocimiento de la historia y geograf\u00eda de la regi\u00f3n.<\/p>\n\n\n\n<p>Durante la ceremonia, el presidente de la fundaci\u00f3n,&nbsp;<strong>Jos\u00e9 Antonio Martinic<\/strong>, valor\u00f3 la alianza con la UMAG, subrayando que este legado permitir\u00e1 que generaciones futuras conozcan y estudien la historia magall\u00e1nica desde las fuentes reunidas por su t\u00edo a lo largo de m\u00e1s de cinco d\u00e9cadas. \u201cEl convenio nace de la voluntad de don Mateo de que sus fondos bibliogr\u00e1ficos y documentales est\u00e9n en una instituci\u00f3n educativa, y qu\u00e9 mejor que la Universidad de Magallanes, que \u00e9l ayud\u00f3 a so\u00f1ar en sus or\u00edgenes cuando pensaba en la Universidad de la Patagonia\u201d, destac\u00f3.<\/p>\n\n\n\n<p>El rector de la UMAG,&nbsp;<strong>Jos\u00e9 Maripani<\/strong>, expres\u00f3 que este acuerdo representa un privilegio y una responsabilidad para la universidad. \u201cSentimos que es un honor tambi\u00e9n que \u00e9l haya elegido a nuestra universidad. Imag\u00ednense, un historiador es lo m\u00e1s preciado que tiene, que quede en la universidad donde \u00e9l trabaj\u00f3 tantos a\u00f1os y se jubil\u00f3 aqu\u00ed con nosotros\u201d.<\/p>\n\n\n\n<p>Explic\u00f3 que para materializar este archivo a futuro se eligi\u00f3 un espacio en el Centro de Documentaci\u00f3n el Instituto de la Patagonia, un espacio que tambi\u00e9n le pareci\u00f3 adecuado a Mateo Martinic. \u201cHay que empezar a trabajar en protocolos de c\u00f3mo en el futuro esto se va a manejar, c\u00f3mo se va a accesar. Tambi\u00e9n tenemos la idea de que se pueda generar una biblioteca digital, porque hay que imaginarse que si todas las personas nos ponemos a hojear, los documentos se van a deteriorar\u201d, expres\u00f3 el rector al adelantar que se proyecta digitalizar los documentos y disponerlos de manera virtual en el futuro.<\/p>\n\n\n\n<p>El acad\u00e9mico del Departamento de Educaci\u00f3n y Humanidades,&nbsp;<strong>Marcelo Mayorga<\/strong>, quien fue alumno de Martinic y actualmente colabora con \u00e9l como curador del acervo cultural, precis\u00f3 que la colecci\u00f3n incluye unos 2.300 textos, mapas, grabados y documentos epistolares y de archivo, cuya organizaci\u00f3n ya est\u00e1 siendo registrada a trav\u00e9s de un documental. \u201cEs un privilegio custodiar este legado y asegurar su disponibilidad para investigadores y para la comunidad en general. Estamos trabajando con estudiantes y proyectamos la digitalizaci\u00f3n de los documentos para preservar y facilitar su acceso en el futuro\u201d, a\u00f1adi\u00f3.<\/p>\n\n\n\n<p>A la firma de este convenio, celebrado en la Sala de Consejo \u201cHernando de Magallanes\u201d del edificio de Rector\u00eda, participaron tambi\u00e9n los directivos de la Fundaci\u00f3n Mateo Martinic Camila Fonseca, Claudio Buratovic, Javier Solis, secretario y el propio acad\u00e9mico Marcelo Mayorga. Por la UMAG acompa\u00f1aron al rector la prorrectora Mariela Alarc\u00f3n; el director Jur\u00eddico, Camilo Araneda y ; el director de Desarrollo Cultural y Deportivo, Eduardo Pe\u00f1a.<\/p>\n","protected":false},"excerpt":{"rendered":"<p>La Universidad de Magallanes y la&nbsp;Fundaci\u00f3n Mateo Martinic Beros&nbsp;oficializaron la firma de convenio a trav\u00e9s de la cual se sella la donaci\u00f3n de archivos documentales y poco m\u00e1s de 2.300&#8230; <a class=\"read-more\" href=\"https:\/\/www.radiopresidenteibanez.cl\/web\/oficializan-convenio-para-resguardar-legado-del-premio-nacional-de-historia-mateo-martinic\/\">Leer m\u00e1s<\/a><\/p>\n","protected":false},"author":2,"featured_media":56170,"comment_status":"closed","ping_status":"closed","sticky":false,"template":"","format":"standard","meta":{"footnotes":""},"categories":[1],"tags":[],"class_list":["post-56169","post","type-post","status-publish","format-standard","has-post-thumbnail","hentry","category-cronica"],"_links":{"self":[{"href":"https:\/\/www.radiopresidenteibanez.cl\/web\/wp-json\/wp\/v2\/posts\/56169","targetHints":{"allow":["GET"]}}],"collection":[{"href":"https:\/\/www.radiopresidenteibanez.cl\/web\/wp-json\/wp\/v2\/posts"}],"about":[{"href":"https:\/\/www.radiopresidenteibanez.cl\/web\/wp-json\/wp\/v2\/types\/post"}],"author":[{"embeddable":true,"href":"https:\/\/www.radiopresidenteibanez.cl\/web\/wp-json\/wp\/v2\/users\/2"}],"replies":[{"embeddable":true,"href":"https:\/\/www.radiopresidenteibanez.cl\/web\/wp-json\/wp\/v2\/comments?post=56169"}],"version-history":[{"count":0,"href":"https:\/\/www.radiopresidenteibanez.cl\/web\/wp-json\/wp\/v2\/posts\/56169\/revisions"}],"wp:featuredmedia":[{"embeddable":true,"href":"https:\/\/www.radiopresidenteibanez.cl\/web\/wp-json\/wp\/v2\/media\/56170"}],"wp:attachment":[{"href":"https:\/\/www.radiopresidenteibanez.cl\/web\/wp-json\/wp\/v2\/media?parent=56169"}],"wp:term":[{"taxonomy":"category","embeddable":true,"href":"https:\/\/www.radiopresidenteibanez.cl\/web\/wp-json\/wp\/v2\/categories?post=56169"},{"taxonomy":"post_tag","embeddable":true,"href":"https:\/\/www.radiopresidenteibanez.cl\/web\/wp-json\/wp\/v2\/tags?post=56169"}],"curies":[{"name":"wp","href":"https:\/\/api.w.org\/{rel}","templated":true}]}}