{"id":56166,"date":"2025-05-07T12:59:00","date_gmt":"2025-05-07T15:59:00","guid":{"rendered":"https:\/\/www.radiopresidenteibanez.cl\/web\/?p=56166"},"modified":"2025-05-07T10:16:21","modified_gmt":"2025-05-07T13:16:21","slug":"director-regional-del-servicio-de-reinsercion-social-juvenil-valora-experiencias-de-reinsercion-en-centro-de-educacion-y-trabajo-de-gendarmeria","status":"publish","type":"post","link":"https:\/\/www.radiopresidenteibanez.cl\/web\/director-regional-del-servicio-de-reinsercion-social-juvenil-valora-experiencias-de-reinsercion-en-centro-de-educacion-y-trabajo-de-gendarmeria\/","title":{"rendered":"DIRECTOR REGIONAL DEL SERVICIO DE REINSERCI\u00d3N SOCIAL JUVENIL VALORA EXPERIENCIAS DE REINSERCI\u00d3N EN CENTRO DE EDUCACI\u00d3N Y TRABAJO DE GENDARMER\u00cdA\u00a0"},"content":{"rendered":"\n<p>La reinserci\u00f3n social de j\u00f3venes en conflicto con la justicia, mediante la implementaci\u00f3n de acciones de car\u00e1cter intersectorial, es una de las tareas del Servicio que lidera en la regi\u00f3n de Magallanes y Ant\u00e1rtica Chilena, C\u00e9sar Montiel Alvarado, quien visit\u00f3 el CET (Centro de Educaci\u00f3n y Trabajo) de Gendarmer\u00eda de Chile&nbsp;en Punta Arenas.<\/p>\n\n\n\n<p>La visita fue liderada por el Coronel Rodrigo Campusano Y\u00e1\u00f1ez, director regional de Gendarmer\u00eda en la regi\u00f3n, con quien recorri\u00f3 las instalaciones del CET y recibi\u00f3 informaci\u00f3n sobre los mecanismos que esta instituci\u00f3n lleva a cabo para facilitar la reincorporaci\u00f3n de personas privadas de libertad a la sociedad a trav\u00e9s de la capacitaci\u00f3n laboral y el aprendizaje de oficios.&nbsp;<\/p>\n\n\n\n<p>Los CET son establecimientos donde las personas condenadas pueden acceder a formaci\u00f3n profesional y desarrollar habilidades que les permitan obtener un empleo al salir de prisi\u00f3n, que en el caso de Punta Arenas funciona al interior del Complejo Penitenciario de la ciudad, en el cual se incluyen adem\u00e1s capacitaci\u00f3n t\u00e9cnica, trabajo regular y remunerado, educaci\u00f3n, formaci\u00f3n e intervenci\u00f3n psicosocial a los internos.<\/p>\n\n\n\n<p><strong>C\u00e9sar Montiel, director regional del Servicio de Reinserci\u00f3n Social Juvenil de Magallanes<\/strong>&nbsp;valor\u00f3 la oportunidad de compartir experiencias en reinserci\u00f3n. \u201cEn esta oportunidad pudimos interiorizarnos de las condiciones de infraestructura e implementaci\u00f3n que se disponen en el CET de Punta Arenas y el trabajo en red que se desarrolla. Pudimos observar que existe un compromiso importante por ayudar a los internos a conocer un oficio nuevo y generar un aporte a sus familias con este trabajo que realizan\u201d.<\/p>\n\n\n\n<p>Adem\u00e1s agreg\u00f3 que \u201ccomo servicio estamos avanzando en suscribir convenios con servicios p\u00fablicos, empresas y sociedad civil para entregar un sistema de apoyo integral y acorde a los objetivos de reinserci\u00f3n de nuestro servicio, por lo que conocer esta experiencia que desarrolla desde hace tantos a\u00f1os Gendarmer\u00eda es parte del trabajo colaborativo que se lleva a cabo en el intersector, el que permitir\u00e1 preparar a los j\u00f3venes para el mercado laboral, fomentar su autonom\u00eda econ\u00f3mica y facilitar su reincorporaci\u00f3n a la sociedad\u201d.<\/p>\n\n\n\n<p>Por su parte, el&nbsp;<strong>director regional de Gendarmer\u00eda, Coronel Rodrigo Campusano Y\u00e1\u00f1ez,<\/strong>&nbsp;destac\u00f3 la visita del director del Servicio de Reinserci\u00f3n Social Juvenil. \u201cJunto al director regional del Servicio de Reinserci\u00f3n Juvenil hemos establecido y realizado una serie de acciones para complementar el trabajo conjunto en favor de la atenci\u00f3n, seguridad y reinserci\u00f3n de los j\u00f3venes bajo custodia. En ese sentido, hemos compartido conocimientos sobre el trabajo t\u00e9cnico y profesional en intervenci\u00f3n, as\u00ed como establecer protocolos de seguridad ante eventuales situaciones en el \u00e1mbito del resguardo penal, y recientemente dimos a conocer la labor que hacen los centros de educaci\u00f3n y trabajo para lograr resocializar personas que cumplen condenas. Estaremos a disposici\u00f3n de todo lo que requiera el Servicio de Reinserci\u00f3n Juvenil, puesto que compartimos importantes objetivos que necesitan de nuestra coordinaci\u00f3n\u201d.<\/p>\n\n\n\n<p>Los CET de Gendarmer\u00eda de Chile buscan promover la reinserci\u00f3n social a trav\u00e9s de la capacitaci\u00f3n laboral que permita a las personas adquirir habilidades y conocimientos para el mercado laboral, aumentando sus oportunidades de empleabilidad.&nbsp;Adicionalmente se busca el aprendizaje de oficios y el desarrollo de habilidades espec\u00edficas, aumentando la autoestima y la autonom\u00eda de las personas. Adicionalmente, se potencia la elaboraci\u00f3n de productos y servicios que permita genera recursos para apoyar a las familias de las personas privadas de libertad y fomentar la colaboraci\u00f3n entre la comunidad y el sistema penitenciario.<\/p>\n","protected":false},"excerpt":{"rendered":"<p>La reinserci\u00f3n social de j\u00f3venes en conflicto con la justicia, mediante la implementaci\u00f3n de acciones de car\u00e1cter intersectorial, es una de las tareas del Servicio que lidera en la regi\u00f3n&#8230; <a class=\"read-more\" href=\"https:\/\/www.radiopresidenteibanez.cl\/web\/director-regional-del-servicio-de-reinsercion-social-juvenil-valora-experiencias-de-reinsercion-en-centro-de-educacion-y-trabajo-de-gendarmeria\/\">Leer m\u00e1s<\/a><\/p>\n","protected":false},"author":2,"featured_media":56167,"comment_status":"closed","ping_status":"closed","sticky":false,"template":"","format":"standard","meta":{"footnotes":""},"categories":[1],"tags":[],"class_list":["post-56166","post","type-post","status-publish","format-standard","has-post-thumbnail","hentry","category-cronica"],"_links":{"self":[{"href":"https:\/\/www.radiopresidenteibanez.cl\/web\/wp-json\/wp\/v2\/posts\/56166","targetHints":{"allow":["GET"]}}],"collection":[{"href":"https:\/\/www.radiopresidenteibanez.cl\/web\/wp-json\/wp\/v2\/posts"}],"about":[{"href":"https:\/\/www.radiopresidenteibanez.cl\/web\/wp-json\/wp\/v2\/types\/post"}],"author":[{"embeddable":true,"href":"https:\/\/www.radiopresidenteibanez.cl\/web\/wp-json\/wp\/v2\/users\/2"}],"replies":[{"embeddable":true,"href":"https:\/\/www.radiopresidenteibanez.cl\/web\/wp-json\/wp\/v2\/comments?post=56166"}],"version-history":[{"count":0,"href":"https:\/\/www.radiopresidenteibanez.cl\/web\/wp-json\/wp\/v2\/posts\/56166\/revisions"}],"wp:featuredmedia":[{"embeddable":true,"href":"https:\/\/www.radiopresidenteibanez.cl\/web\/wp-json\/wp\/v2\/media\/56167"}],"wp:attachment":[{"href":"https:\/\/www.radiopresidenteibanez.cl\/web\/wp-json\/wp\/v2\/media?parent=56166"}],"wp:term":[{"taxonomy":"category","embeddable":true,"href":"https:\/\/www.radiopresidenteibanez.cl\/web\/wp-json\/wp\/v2\/categories?post=56166"},{"taxonomy":"post_tag","embeddable":true,"href":"https:\/\/www.radiopresidenteibanez.cl\/web\/wp-json\/wp\/v2\/tags?post=56166"}],"curies":[{"name":"wp","href":"https:\/\/api.w.org\/{rel}","templated":true}]}}