{"id":56142,"date":"2025-05-06T16:07:00","date_gmt":"2025-05-06T19:07:00","guid":{"rendered":"https:\/\/www.radiopresidenteibanez.cl\/web\/?p=56142"},"modified":"2025-05-06T11:46:23","modified_gmt":"2025-05-06T14:46:23","slug":"la-tia-rica-anuncio-nuevo-remate-de-vehiculos-fiscales-para-el-proximo-12-de-mayo","status":"publish","type":"post","link":"https:\/\/www.radiopresidenteibanez.cl\/web\/la-tia-rica-anuncio-nuevo-remate-de-vehiculos-fiscales-para-el-proximo-12-de-mayo\/","title":{"rendered":"La \u201cT\u00eda Rica\u201d anunci\u00f3 nuevo remate de veh\u00edculos fiscales para el proximo 12 de Mayo"},"content":{"rendered":"\n<p>La Direcci\u00f3n general del Cr\u00e9dito Prendario (Dicrep) -m\u00e1s conocida como la \u201cT\u00eda Rica\u201d- anunci\u00f3 su pr\u00f3ximo remate fiscal y judicial programado para el pr\u00f3ximo lunes 12 de mayo, a las 15:30 horas, el cual, como ya es costumbre, se realizar\u00e1 de manera online.<br>Se trata de una nueva subasta que en esta oportunidad pondr\u00e1 a disposici\u00f3n de los interesados un<br>total de 90 lotes, entre ellos, 24 veh\u00edculos y diversas especies correspondientes a 9 servicios<br>p\u00fablicos de la regi\u00f3n. Destacan aqu\u00ed: Fiscal\u00eda Local de Puerto Natales, Fiscal\u00eda Local de Punta<br>Arenas, Gobierno Regional, Seremi de Salud Magallanes, Gendarmer\u00eda, Junaeb, Hospital Cl\u00ednico<br>Magallanes, Corporaci\u00f3n de Asistencia Judicial y Municipalidad de Porvenir.<br>La exhibici\u00f3n presencial de las diferentes especies iniciar\u00e1 ma\u00f1ana martes 6 de mayo y estar\u00e1<br>disponible hasta el viernes 9 del mismo mes. En tanto, la exhibici\u00f3n online ya est\u00e1 disponible en el<br>sitio web de la Dicrep, www.dicrep.cl.<br>En palabras del Seremi (s) del Trabajo, Carlo Gorziglia Sain, \u201cnos encontramos en dependencias de<br>nuestra famosa \u201cT\u00eda Rica\u201d para anunciar la realizaci\u00f3n de un nuevo remate fiscal y judicial en el<br>que se ir\u00e1n a subasta un total de 90 lotes de especies, dentro de los cuales destacan 24 veh\u00edculos,<br>m\u00e1s 66 bienes de distintas caracter\u00edsticas que ser\u00e1n rematados el pr\u00f3ximo lunes 12 de mayo, a las<br>15:30 horas. Como ya es habitual, este remate ser\u00e1 online y la inscripci\u00f3n por parte de las o los<br>interesados debe hacerse a trav\u00e9s del sitio web de la Dicrep\u201d.<br>Para poder ser parte de este nuevo remate, las personas deben inscribirse en el banner<br>\u201cCalendario de Remates\u201d con clave \u00fanica, como primer requisito, tal y como informa el<br>administrador regional (s) de la Dicrep Magallanes, H\u00e9ctor Toledo Leal.<br>\u201cEs muy importante que quienes se inscriban -que deben ser personas mayores de 18 a\u00f1os, con<br>clave \u00fanica- dejen la garant\u00eda que es de car\u00e1cter obligatorio y que, ahora, es de $500 mil, lo que le<br>da derecho a participar en el remate. Esta garant\u00eda se podr\u00e1 realizar, de forma impostergable,<br>hasta el viernes 9 de mayo, a las 14:00 horas y debe corresponder al titular inscrito, no se<br>aceptar\u00e1n garant\u00edas de terceras personas\u201d, explic\u00f3.<br>Asimismo, esta garant\u00eda debe ser correctamente acreditada a trav\u00e9s de transferencia electr\u00f3nica o<br>dep\u00f3sito a nombre de la Direcci\u00f3n General de Cr\u00e9dito Prendario, a los datos bancarios y correos<br>electr\u00f3nicos que se indicar\u00e1n al momento de hacer el registro.<\/p>\n\n\n\n<p>Si un adjudicatario se arrepiente del o los lotes subastados, DICREP se reserva el derecho de<br>ingresar la garant\u00eda a las arcas fiscales como est\u00e1 estipulado en las bases del remate y pierde el<br>derecho sobre el total de lotes adjudicados, quedando sin postor.<br>Los lugares y horario de exhibici\u00f3n est\u00e1n publicados en la p\u00e1gina de Dicrep.<br>EXHIBICI\u00d3N PRESENCIAL: Desde el 6 al 9 mayo de 2025, de acuerdo a lo siguiente:<\/p>\n\n\n\n<ul class=\"wp-block-list\">\n<li>Veh\u00edculos (10), Fiscal\u00eda Punta Arenas, en Barrio Industrial kil\u00f3metro 7,5 norte Maestranza<br>Municipal (de 15 A 18:00 horas)<\/li>\n\n\n\n<li>Veh\u00edculos (08), Fiscal\u00eda Puerto Natales, en Juan Ignacio Bol\u00edvar N\u00b01400 Maestra Municipal<br>(de 10:00 a 12:00 horas).<\/li>\n\n\n\n<li>Veh\u00edculos (01), Gobierno Regional, Delegaci\u00f3n Presidencial Regional: Oficina DICREP<br>Lautaro Navarro 1024 de 9:00 a 13:00 horas.<\/li>\n\n\n\n<li>Veh\u00edculos (01), JUNAEB, Ovejero N\u00b0 0285-B, de 15:00 a 17:00 horas.<\/li>\n\n\n\n<li>Veh\u00edculos (01), CAPJ, Lautaro Navarro N\u00b0 850 de 10:00 a 12:00 y de 15:00 a 16:30 horas.<\/li>\n\n\n\n<li>Veh\u00edculos (03), Gendarmer\u00eda, Avda. Circunvalaci\u00f3n 2080 de 14:00 a 17:00 horas.<\/li>\n\n\n\n<li>Diversas especies, Hospital Cl\u00ednico, Hospital Regional en informaciones de 14.00 a 16.00<\/li>\n\n\n\n<li>Diversas especies, Seremi de Salud: Oficina DICREP Lautaro Navarro 1024 de 09.00 a 13.00<br>horas.<\/li>\n\n\n\n<li>Diversas especies, Municipalidad de Porvenir, Maestranza Municipal Loteo Ruze N\u00b063 de<br>14:30 a 16:30<\/li>\n<\/ul>\n","protected":false},"excerpt":{"rendered":"<p>La Direcci\u00f3n general del Cr\u00e9dito Prendario (Dicrep) -m\u00e1s conocida como la \u201cT\u00eda Rica\u201d- anunci\u00f3 su pr\u00f3ximo remate fiscal y judicial programado para el pr\u00f3ximo lunes 12 de mayo, a las&#8230; <a class=\"read-more\" href=\"https:\/\/www.radiopresidenteibanez.cl\/web\/la-tia-rica-anuncio-nuevo-remate-de-vehiculos-fiscales-para-el-proximo-12-de-mayo\/\">Leer m\u00e1s<\/a><\/p>\n","protected":false},"author":2,"featured_media":56143,"comment_status":"closed","ping_status":"closed","sticky":false,"template":"","format":"standard","meta":{"footnotes":""},"categories":[1],"tags":[],"class_list":["post-56142","post","type-post","status-publish","format-standard","has-post-thumbnail","hentry","category-cronica"],"_links":{"self":[{"href":"https:\/\/www.radiopresidenteibanez.cl\/web\/wp-json\/wp\/v2\/posts\/56142","targetHints":{"allow":["GET"]}}],"collection":[{"href":"https:\/\/www.radiopresidenteibanez.cl\/web\/wp-json\/wp\/v2\/posts"}],"about":[{"href":"https:\/\/www.radiopresidenteibanez.cl\/web\/wp-json\/wp\/v2\/types\/post"}],"author":[{"embeddable":true,"href":"https:\/\/www.radiopresidenteibanez.cl\/web\/wp-json\/wp\/v2\/users\/2"}],"replies":[{"embeddable":true,"href":"https:\/\/www.radiopresidenteibanez.cl\/web\/wp-json\/wp\/v2\/comments?post=56142"}],"version-history":[{"count":0,"href":"https:\/\/www.radiopresidenteibanez.cl\/web\/wp-json\/wp\/v2\/posts\/56142\/revisions"}],"wp:featuredmedia":[{"embeddable":true,"href":"https:\/\/www.radiopresidenteibanez.cl\/web\/wp-json\/wp\/v2\/media\/56143"}],"wp:attachment":[{"href":"https:\/\/www.radiopresidenteibanez.cl\/web\/wp-json\/wp\/v2\/media?parent=56142"}],"wp:term":[{"taxonomy":"category","embeddable":true,"href":"https:\/\/www.radiopresidenteibanez.cl\/web\/wp-json\/wp\/v2\/categories?post=56142"},{"taxonomy":"post_tag","embeddable":true,"href":"https:\/\/www.radiopresidenteibanez.cl\/web\/wp-json\/wp\/v2\/tags?post=56142"}],"curies":[{"name":"wp","href":"https:\/\/api.w.org\/{rel}","templated":true}]}}