{"id":56133,"date":"2025-05-06T11:59:00","date_gmt":"2025-05-06T14:59:00","guid":{"rendered":"https:\/\/www.radiopresidenteibanez.cl\/web\/?p=56133"},"modified":"2025-05-06T11:01:20","modified_gmt":"2025-05-06T14:01:20","slug":"ocho-establecimientos-educacionales-de-punta-arenas-reciben-acreditacion-como-promotores-de-salud","status":"publish","type":"post","link":"https:\/\/www.radiopresidenteibanez.cl\/web\/ocho-establecimientos-educacionales-de-punta-arenas-reciben-acreditacion-como-promotores-de-salud\/","title":{"rendered":"OCHO ESTABLECIMIENTOS EDUCACIONALES DE PUNTA ARENAS RECIBEN ACREDITACI\u00d3N COMO PROMOTORES DE SALUD"},"content":{"rendered":"\n<p>Escuelas, liceos y jardines infantiles fueron acreditados oficialmente como Establecimientos<br>Educacionales Promotores de Salud para el periodo 2025\u20132027 en una ceremonia encabezada por<br>la Seremi de Salud, Francisca Sanfuentes, y que cont\u00f3 con la presencia de autoridades regionales,<br>directivos, docentes y representantes de las comunidades escolares.<br>Esta acreditaci\u00f3n reconoce el compromiso de estos establecimientos de la comuna con la<br>promoci\u00f3n de la salud, el fortalecimiento de entornos protectores y el desarrollo de una cultura de<br>vida sana. Se trata de un proceso que hab\u00eda sido interrumpido por la pandemia del COVID-19 y que<br>hoy se retoma con renovado impulso, reafirmando el rol clave que cumplen los establecimientos<br>educacionales en el cuidado y promoci\u00f3n de la salud de ni\u00f1os, ni\u00f1as y adolescentes.<br>El encargado de actividad f\u00edsica de la Seremi de Salud, Arturo Figueroa, explic\u00f3 que este proceso<br>comenz\u00f3 el 2024, donde postularon 22 establecimientos educacionales. Durante ese a\u00f1o se<br>realiz\u00f3 el acompa\u00f1amiento desde el Departamento de Salud P\u00fablica, y finalmente quedaron 8<br>establecimientos educacionales entre jardines, escuelas, los cuales alcanzaron el nivel de<br>excelencia para la acreditaci\u00f3n del periodo 2025-2027. El profesional reiter\u00f3 la invitaci\u00f3n a los<br>establecimientos que ya se presentaron, pero que a\u00fan no terminan su proceso y a otros que<br>quieran sumase a esta iniciativa.<br>Este a\u00f1o se acreditan con nivel de Excelencia por el periodo 2025 al 2027: Jard\u00edn Las Charitas,<br>Jard\u00edn Archipielago de Chilo\u00e9, Jard\u00edn Villa Las Nieves, Jard\u00edn Piececitos de Ni\u00f1os, Jard\u00edn Los<br>Pioneros, Liceo Mar\u00eda Auxiliadora, Escuela Espa\u00f1a e Instituto Sagrada Familia<br>Durante la ceremonia, la Seremi de Salud, Francisca Sanfuentes, junto al Seremi de Educaci\u00f3n,<br>Valent\u00edn Aguilera, destacaron el esfuerzo intersectorial que hace posible esta estrategia, as\u00ed como<br>el liderazgo demostrado por las comunidades educativas al integrar la salud como parte<br>fundamental de su quehacer diario.<br>La Seremi Francisca Sanfuentes, se\u00f1al\u00f3 que \u201choy hemos entregado el reconocimiento de<br>acreditaci\u00f3n a 8 establecimientos en la regi\u00f3n que han trabajado en distintos \u00e1mbitos para<br>generar tanto desde los espacios f\u00edsicos, desde las buenas pr\u00e1cticas, y tambi\u00e9n desde la educaci\u00f3n<br>estos h\u00e1bitos y estos conocimientos. Estamos muy contentos porque lo que hemos podido ver es<br>el gran compromiso de las comunidades educativas, de los docentes, de los asistentes y tambi\u00e9n<br>de los estudiantes para desarrollar estas actividades. Sabemos que esto genera un impacto no s\u00f3lo<br>al interior de los establecimientos, sino que tambi\u00e9n esto se transmite a las familias, al entorno, y<br>nos permite seguir trabajando y cultivando estas herramientas protectoras para la salud\u201d.<\/p>\n\n\n\n<p>El Seremi de Educaci\u00f3n, Valent\u00edn Aguilera, sostuvo que: \u201cHemos venido a acompa\u00f1ar a la<br>Secretar\u00eda Regional Ministerial de Salud en esta invitaci\u00f3n. Hay 8 establecimientos que han<br>obtenido este reconocimiento, esta acreditaci\u00f3n, fundamentalmente en jardines, tanto del<br>Servicio Local de Educaci\u00f3n P\u00fablica como de INTEGRA y de JUNJI, algo que nosotros encontramos<br>muy valioso a prop\u00f3sito de la promoci\u00f3n de estilos de vida saludables desde la educaci\u00f3n inicial. Y<br>tambi\u00e9n hemos conocido experiencias muy interesantes, exitosas, como por ejemplo lo que ha<br>hecho el Instituto Sagrada Familia, en donde toda la comunidad se ha movilizado para poder<br>promover estos objetivos y estilos de vida saludables, y por supuesto, tambi\u00e9n otros<br>establecimientos educacionales como la Escuela Espa\u00f1a, en donde se han desarrollado diferentes<br>actividades durante todo este periodo para cumplir con esta promoci\u00f3n\u201d.<br>La jornada incluy\u00f3 la exposici\u00f3n del profesor Arturo Figueroa, encargado regional de la estrategia,<br>quien present\u00f3 los principales avances del proceso, y la participaci\u00f3n de representantes del<br>Instituto Sagrada Familia, quienes compartieron su experiencia como establecimiento acreditado.<br>La Directora del Jard\u00edn Las Charitas, Loreto Trabazo, manifest\u00f3 que esta acreditaci\u00f3n va muy en la<br>l\u00ednea del sello de este establecimiento educacional, que son los estilos de vida saludables. \u201cJunto<br>con ello tenemos un plan de trabajo anual, donde nosotros realizamos distintas actividades en<br>varias \u00e1reas espec\u00edficas, actividad f\u00edsica, alimentaci\u00f3n saludable propiamente tal, entre otras\u201d.<br>En tanto, la Directora de INSAFA, Edith M\u00e1rquez Z\u00fa\u00f1iga, indic\u00f3 que esta es una iniciativa que los<br>llena de orgullo porque \u201ces un sello que nos dice que somos un colegio promotor de salud y nos<br>esforzamos para ello. Nosotros nos preocupamos de nuestra salud de las estudiantes, de nuestros<br>educadores, de toda la comunidad educativa, tanto en lo f\u00edsico como en lo mental\u201d.<br>Respecto a las actividades que realizan, menciono que \u201cpromovemos recreos activos durante las<br>distintas jornadas de trabajo de lunes a viernes, adem\u00e1s de tener una parrilla importante de<br>actividad f\u00edsica deportiva para las ni\u00f1as tambi\u00e9n fuera de la jornada escolar, pero tambi\u00e9n dentro<br>de la jornada escolar. Promovemos tambi\u00e9n el consumo de agua diario en las estudiantes y la<br>importancia del cuidado de la salud bucal\u201d.<br>La alumna de cuarto medio de INSAFA, Catalina Gonz\u00e1lez, asever\u00f3 que \u201cdesde peque\u00f1as, nosotras<br>siempre hemos trabajado con todo lo que es alimentaci\u00f3n saludable, con los frut\u00edmetros, con las<br>charlas saludables, de salud mental y, bueno, eso se ve desde el nivel parvulario hasta el nivel de<br>media. Tambi\u00e9n nosotros el a\u00f1o pasado participamos en el proyecto \u201cAct\u00edvate, Cu\u00eddate y Vive, sin<br>ACV, Promoci\u00f3n de la Salud\u201d de forma muy activa y en la Feria ACV creamos un juego y pudimos<br>hablar sobre los accidentes cerebrovasculares y pudimos profundizar en este tema\u201d.<\/p>\n","protected":false},"excerpt":{"rendered":"<p>Escuelas, liceos y jardines infantiles fueron acreditados oficialmente como EstablecimientosEducacionales Promotores de Salud para el periodo 2025\u20132027 en una ceremonia encabezada porla Seremi de Salud, Francisca Sanfuentes, y que cont\u00f3&#8230; <a class=\"read-more\" href=\"https:\/\/www.radiopresidenteibanez.cl\/web\/ocho-establecimientos-educacionales-de-punta-arenas-reciben-acreditacion-como-promotores-de-salud\/\">Leer m\u00e1s<\/a><\/p>\n","protected":false},"author":2,"featured_media":56134,"comment_status":"closed","ping_status":"closed","sticky":false,"template":"","format":"standard","meta":{"footnotes":""},"categories":[1],"tags":[],"class_list":["post-56133","post","type-post","status-publish","format-standard","has-post-thumbnail","hentry","category-cronica"],"_links":{"self":[{"href":"https:\/\/www.radiopresidenteibanez.cl\/web\/wp-json\/wp\/v2\/posts\/56133","targetHints":{"allow":["GET"]}}],"collection":[{"href":"https:\/\/www.radiopresidenteibanez.cl\/web\/wp-json\/wp\/v2\/posts"}],"about":[{"href":"https:\/\/www.radiopresidenteibanez.cl\/web\/wp-json\/wp\/v2\/types\/post"}],"author":[{"embeddable":true,"href":"https:\/\/www.radiopresidenteibanez.cl\/web\/wp-json\/wp\/v2\/users\/2"}],"replies":[{"embeddable":true,"href":"https:\/\/www.radiopresidenteibanez.cl\/web\/wp-json\/wp\/v2\/comments?post=56133"}],"version-history":[{"count":0,"href":"https:\/\/www.radiopresidenteibanez.cl\/web\/wp-json\/wp\/v2\/posts\/56133\/revisions"}],"wp:featuredmedia":[{"embeddable":true,"href":"https:\/\/www.radiopresidenteibanez.cl\/web\/wp-json\/wp\/v2\/media\/56134"}],"wp:attachment":[{"href":"https:\/\/www.radiopresidenteibanez.cl\/web\/wp-json\/wp\/v2\/media?parent=56133"}],"wp:term":[{"taxonomy":"category","embeddable":true,"href":"https:\/\/www.radiopresidenteibanez.cl\/web\/wp-json\/wp\/v2\/categories?post=56133"},{"taxonomy":"post_tag","embeddable":true,"href":"https:\/\/www.radiopresidenteibanez.cl\/web\/wp-json\/wp\/v2\/tags?post=56133"}],"curies":[{"name":"wp","href":"https:\/\/api.w.org\/{rel}","templated":true}]}}