{"id":56127,"date":"2025-05-06T09:36:00","date_gmt":"2025-05-06T12:36:00","guid":{"rendered":"https:\/\/www.radiopresidenteibanez.cl\/web\/?p=56127"},"modified":"2025-05-06T08:40:53","modified_gmt":"2025-05-06T11:40:53","slug":"concejal-jose-becerra-denuncia-incumplimiento-de-protocolos-de-evacuacion-por-parte-de-algunas-empresas-durante-emergencia-sismica","status":"publish","type":"post","link":"https:\/\/www.radiopresidenteibanez.cl\/web\/concejal-jose-becerra-denuncia-incumplimiento-de-protocolos-de-evacuacion-por-parte-de-algunas-empresas-durante-emergencia-sismica\/","title":{"rendered":"Concejal Jos\u00e9 Becerra denuncia incumplimiento de protocolos de evacuaci\u00f3n por parte de algunas empresas durante emergencia s\u00edsmica"},"content":{"rendered":"\n<p>Ante la emergencia s\u00edsmica ocurrida en Puerto Williams la ma\u00f1ana del viernes 2 de mayo y la posterior alerta de tsunami decretada para la Regi\u00f3n de Magallanes, el concejal de Punta Arenas&nbsp;<strong>Jos\u00e9 Becerra Carvajal<\/strong>&nbsp;expres\u00f3 su profunda preocupaci\u00f3n por las denuncias recibidas respecto a empresas que&nbsp;<strong>no habr\u00edan permitido la evacuaci\u00f3n de sus trabajadores<\/strong>&nbsp;en nuestra comuna, pese a la existencia de un riesgo declarado por la autoridad.<\/p>\n\n\n\n<p>\u201cNos parece grav\u00edsimo que, en pleno 2025, algunas empresas antepongan la productividad a la seguridad de las personas. La legislaci\u00f3n chilena es clara: en caso de amenaza a la vida o salud, se debe evacuar de inmediato. No se puede permitir que se pasen por alto los derechos laborales y humanos b\u00e1sicos\u201d, afirm\u00f3 el edil durante la sesi\u00f3n del Concejo Municipal.<\/p>\n\n\n\n<p>Durante su intervenci\u00f3n, Becerra cit\u00f3 lo dispuesto en el&nbsp;<strong>art\u00edculo 184 bis del C\u00f3digo del Trabajo<\/strong>, el cual obliga a los empleadores a suspender labores y evacuar ante riesgos inminentes, y la&nbsp;<strong>Ley N\u00b019.525 sobre planes de emergencia y evacuaci\u00f3n<\/strong>, que exige a establecimientos p\u00fablicos y privados activar sus protocolos de seguridad frente a cualquier situaci\u00f3n de cat\u00e1strofe.<\/p>\n\n\n\n<p>El concejal solicit\u00f3 formalmente que el municipio:<\/p>\n\n\n\n<ul class=\"wp-block-list\">\n<li>El Municipio oficie a la Direcci\u00f3n del Trabajo para fiscalizar a las empresas involucradas.<\/li>\n\n\n\n<li>Realice una campa\u00f1a informativa sobre los derechos de los trabajadores en contextos de emergencia.<\/li>\n<\/ul>\n\n\n\n<p>\u201cComo representante de la ciudadan\u00eda, reafirmo mi compromiso con la defensa de los derechos de los trabajadores y trabajadoras de Punta Arenas. Lo ocurrido no puede repetirse. La vida y la dignidad de las personas est\u00e1n por sobre cualquier inter\u00e9s econ\u00f3mico\u201d, concluy\u00f3.<\/p>\n","protected":false},"excerpt":{"rendered":"<p>Ante la emergencia s\u00edsmica ocurrida en Puerto Williams la ma\u00f1ana del viernes 2 de mayo y la posterior alerta de tsunami decretada para la Regi\u00f3n de Magallanes, el concejal de&#8230; <a class=\"read-more\" href=\"https:\/\/www.radiopresidenteibanez.cl\/web\/concejal-jose-becerra-denuncia-incumplimiento-de-protocolos-de-evacuacion-por-parte-de-algunas-empresas-durante-emergencia-sismica\/\">Leer m\u00e1s<\/a><\/p>\n","protected":false},"author":2,"featured_media":56128,"comment_status":"closed","ping_status":"closed","sticky":false,"template":"","format":"standard","meta":{"footnotes":""},"categories":[1],"tags":[],"class_list":["post-56127","post","type-post","status-publish","format-standard","has-post-thumbnail","hentry","category-cronica"],"_links":{"self":[{"href":"https:\/\/www.radiopresidenteibanez.cl\/web\/wp-json\/wp\/v2\/posts\/56127","targetHints":{"allow":["GET"]}}],"collection":[{"href":"https:\/\/www.radiopresidenteibanez.cl\/web\/wp-json\/wp\/v2\/posts"}],"about":[{"href":"https:\/\/www.radiopresidenteibanez.cl\/web\/wp-json\/wp\/v2\/types\/post"}],"author":[{"embeddable":true,"href":"https:\/\/www.radiopresidenteibanez.cl\/web\/wp-json\/wp\/v2\/users\/2"}],"replies":[{"embeddable":true,"href":"https:\/\/www.radiopresidenteibanez.cl\/web\/wp-json\/wp\/v2\/comments?post=56127"}],"version-history":[{"count":0,"href":"https:\/\/www.radiopresidenteibanez.cl\/web\/wp-json\/wp\/v2\/posts\/56127\/revisions"}],"wp:featuredmedia":[{"embeddable":true,"href":"https:\/\/www.radiopresidenteibanez.cl\/web\/wp-json\/wp\/v2\/media\/56128"}],"wp:attachment":[{"href":"https:\/\/www.radiopresidenteibanez.cl\/web\/wp-json\/wp\/v2\/media?parent=56127"}],"wp:term":[{"taxonomy":"category","embeddable":true,"href":"https:\/\/www.radiopresidenteibanez.cl\/web\/wp-json\/wp\/v2\/categories?post=56127"},{"taxonomy":"post_tag","embeddable":true,"href":"https:\/\/www.radiopresidenteibanez.cl\/web\/wp-json\/wp\/v2\/tags?post=56127"}],"curies":[{"name":"wp","href":"https:\/\/api.w.org\/{rel}","templated":true}]}}