{"id":5611,"date":"2019-07-09T14:41:42","date_gmt":"2019-07-09T14:41:42","guid":{"rendered":"http:\/\/www.radiopresidenteibanez.cl\/web\/?p=5611"},"modified":"2019-07-09T14:41:56","modified_gmt":"2019-07-09T14:41:56","slug":"director-del-servicio-de-salud-magallanes-recibe-a-concejales-de-punta-arenas","status":"publish","type":"post","link":"https:\/\/www.radiopresidenteibanez.cl\/web\/director-del-servicio-de-salud-magallanes-recibe-a-concejales-de-punta-arenas\/","title":{"rendered":"DIRECTOR DEL SERVICIO DE SALUD MAGALLANES RECIBE  A CONCEJALES DE PUNTA ARENAS"},"content":{"rendered":"\n<p>En dependencias del\nServicio de Salud Magallanes, su director, Nelson Reyes, recibi\u00f3 a los\nconcejales de Punta Arenas, Arturo D\u00edaz, presidente de la Comisi\u00f3n de Salud\nedilicia; y el concejal Alejandro Soler.<\/p>\n\n\n\n<p>En dicha\noportunidad, los concejales solicitaron conocer en qu\u00e9 situaci\u00f3n se encontraban\nlos distintos proyectos de infraestructura y algunos programas a cargo del\nServicio de Salud Magallanes. <\/p>\n\n\n\n<p>Tambi\u00e9n se acord\u00f3\nque los concejales brindar\u00edan todo el apoyo posible de su parte para acelerar\nprocesos y gestiones, y trabajar con la comunidad, implementando planes de\ntrabajo en direcci\u00f3n a desarrollar los planes de salud. <\/p>\n\n\n\n<p>Adem\u00e1s, se inform\u00f3 sobre la construcci\u00f3n del Servicio de Atenci\u00f3n Primaria de Urgencia de Alta Resoluci\u00f3n SAR Damianovic. El director del Servicio de Salud, Nelson Reyes, coment\u00f3 que \u201cquedaron muy interesados en el SAR que estamos hoy d\u00eda construyendo\u201d y tambi\u00e9n se comprometieron al \u201capoyo en el contexto de los programas de salud y a hacer bastante difusi\u00f3n\u201d.<\/p>\n\n\n\n<figure class=\"wp-block-image\"><img loading=\"lazy\" decoding=\"async\" width=\"900\" height=\"675\" src=\"https:\/\/www.radiopresidenteibanez.cl\/web\/wp-content\/uploads\/2019\/07\/8-7-2019-reunion-concejales.jpg\" alt=\"\" class=\"wp-image-5612\" srcset=\"https:\/\/www.radiopresidenteibanez.cl\/web\/wp-content\/uploads\/2019\/07\/8-7-2019-reunion-concejales.jpg 900w, https:\/\/www.radiopresidenteibanez.cl\/web\/wp-content\/uploads\/2019\/07\/8-7-2019-reunion-concejales-300x225.jpg 300w, https:\/\/www.radiopresidenteibanez.cl\/web\/wp-content\/uploads\/2019\/07\/8-7-2019-reunion-concejales-768x576.jpg 768w\" sizes=\"auto, (max-width: 900px) 100vw, 900px\" \/><\/figure>\n","protected":false},"excerpt":{"rendered":"<p>En dependencias del Servicio de Salud Magallanes, su director, Nelson Reyes, recibi\u00f3 a los concejales de Punta Arenas, Arturo D\u00edaz, presidente de la Comisi\u00f3n de Salud edilicia; y el concejal&#8230; <a class=\"read-more\" href=\"https:\/\/www.radiopresidenteibanez.cl\/web\/director-del-servicio-de-salud-magallanes-recibe-a-concejales-de-punta-arenas\/\">Leer m\u00e1s<\/a><\/p>\n","protected":false},"author":2,"featured_media":5612,"comment_status":"closed","ping_status":"closed","sticky":false,"template":"","format":"standard","meta":{"footnotes":""},"categories":[1],"tags":[],"class_list":["post-5611","post","type-post","status-publish","format-standard","has-post-thumbnail","hentry","category-cronica"],"_links":{"self":[{"href":"https:\/\/www.radiopresidenteibanez.cl\/web\/wp-json\/wp\/v2\/posts\/5611","targetHints":{"allow":["GET"]}}],"collection":[{"href":"https:\/\/www.radiopresidenteibanez.cl\/web\/wp-json\/wp\/v2\/posts"}],"about":[{"href":"https:\/\/www.radiopresidenteibanez.cl\/web\/wp-json\/wp\/v2\/types\/post"}],"author":[{"embeddable":true,"href":"https:\/\/www.radiopresidenteibanez.cl\/web\/wp-json\/wp\/v2\/users\/2"}],"replies":[{"embeddable":true,"href":"https:\/\/www.radiopresidenteibanez.cl\/web\/wp-json\/wp\/v2\/comments?post=5611"}],"version-history":[{"count":0,"href":"https:\/\/www.radiopresidenteibanez.cl\/web\/wp-json\/wp\/v2\/posts\/5611\/revisions"}],"wp:featuredmedia":[{"embeddable":true,"href":"https:\/\/www.radiopresidenteibanez.cl\/web\/wp-json\/wp\/v2\/media\/5612"}],"wp:attachment":[{"href":"https:\/\/www.radiopresidenteibanez.cl\/web\/wp-json\/wp\/v2\/media?parent=5611"}],"wp:term":[{"taxonomy":"category","embeddable":true,"href":"https:\/\/www.radiopresidenteibanez.cl\/web\/wp-json\/wp\/v2\/categories?post=5611"},{"taxonomy":"post_tag","embeddable":true,"href":"https:\/\/www.radiopresidenteibanez.cl\/web\/wp-json\/wp\/v2\/tags?post=5611"}],"curies":[{"name":"wp","href":"https:\/\/api.w.org\/{rel}","templated":true}]}}