{"id":56094,"date":"2025-05-04T15:07:00","date_gmt":"2025-05-04T18:07:00","guid":{"rendered":"https:\/\/www.radiopresidenteibanez.cl\/web\/?p=56094"},"modified":"2025-05-04T13:08:00","modified_gmt":"2025-05-04T16:08:00","slug":"ceremonia-de-premiacion-y-lanzamiento-de-la-convocatoria-2025-del-concurso-historias-de-nuestra-tierra","status":"publish","type":"post","link":"https:\/\/www.radiopresidenteibanez.cl\/web\/ceremonia-de-premiacion-y-lanzamiento-de-la-convocatoria-2025-del-concurso-historias-de-nuestra-tierra\/","title":{"rendered":"Ceremonia de Premiaci\u00f3n y lanzamiento de la convocatoria 2025 del concurso &#8216;Historias de Nuestra Tierra&#8217;"},"content":{"rendered":"\n<p>En un emotivo evento, el Ministerio de Agricultura, en colaboraci\u00f3n con la<br>Fundaci\u00f3n de Comunicaciones, Capacitaci\u00f3n y Cultura del Agro (FUCOA), dio<br>inicio oficial a la convocatoria 2025 del concurso de cuentos, poemas y dibujos<br>\u00abHistorias de Nuestra Tierra\u00bb. Este certamen busca destacar y preservar la<br>memoria rural de Chile a trav\u00e9s de la escritura, la lectura y la expresi\u00f3n art\u00edstica,<br>rescatando las tradiciones, costumbres, mitos y leyendas que enriquecen el<br>patrimonio cultural del pa\u00eds.<br>La ceremonia cont\u00f3 con la presencia de autoridades como el Seremi de<br>Educaci\u00f3n, Valent\u00edn Aguilera; la Seremi de las Culturas, las Artes y el Patrimonio,<br>Carolina Herrera; y la Seremi de Agricultura, Irene Ram\u00edrez, as\u00ed como directores<br>de servicios del agro, escritores locales y los ganadores de la edici\u00f3n 2024.<br>Durante el evento, se present\u00f3 un fragmento de la obra teatral Recuerdos de Don<br>Abel, interpretada por el actor Juan Aro de la Compa\u00f1\u00eda Paso Libre Teatro. La<br>obra rindi\u00f3 homenaje a Don Abel Oyarz\u00fan, un ovejero patag\u00f3nico que encarna la<br>resiliencia y sabidur\u00eda del mundo rural y que adem\u00e1s fue en vida el modelo que<br>inspir\u00f3 nuestro preciado monumento el ovejero, emplazado en avenida Bulnes.<br>Adem\u00e1s, se realiz\u00f3 la premiaci\u00f3n de los ganadores regionales, uno<br>correspondiente a la provincia de Porvenir y los restantes a Magallanes en las tres<br>categor\u00edas del concurso:<br>Poes\u00eda del Mundo Rural: Primer lugar: Moira Aic\u00f3n Gonz\u00e1lez con el poema \u201cEl<br>mapa de mi infancia\u201d; Segundo lugar: Rodrigo Gaete Salazar con su obra \u201cEleg\u00eda<br>a la pampa desolada\u201d, y el Tercer lugar: Mar\u00eda Antonieta Barrientos Baham\u00f3ndez<br>con la poes\u00eda, \u201cMe crece en el alma Patagonia\u201d.<br>Me lo contaron mis abuelitos (categor\u00eda infantil):Primer lugar: Milena Noria<br>Bauk con el cuento \u201cPreciosa, la corderita regalona\u201d.Segundo lugar: Sebasti\u00e1n<br>Villa C\u00e1rdenas y su cuento \u201cEl tesoro de las estrellas: La leyenda de Isla en<br>Magallanes\u201d y el Tercer lugar: Mladen Monsalve \u00c1guila con su obra \u201cEl poder de<br>una flor\u201d.<br>Historias Campesinas (categor\u00eda para mayores de 14 a\u00f1os): el Primer lugar:<br>Maritza Loaiza Medina con el cuento \u201cCuatro generaciones\u201d, el Segundo lugar:<br>Patricia D\u00edaz Flores con \u201cEl desaf\u00edo de los castores\u201d y el Tercer lugar: Carlos<br>Burnes Torres \u201d Lecci\u00f3n de honradez en Navidad\u201d.<\/p>\n\n\n\n<p>Algunos ganadores compartieron sus inspiraciones y reflexiones sobre el proceso<br>creativo, enriqueciendo la jornada con sus testimonios.<br>Finalmente, la Seremi de Agricultura, Irene Ram\u00edrez, dirigi\u00f3 unas palabras sobre la<br>importancia de este concurso para fortalecer la identidad rural y cultural del pa\u00eds.<br>La convocatoria 2025 ya est\u00e1 abierta y recibir\u00e1 obras hasta el 27 de junio,<br>haciendo extensiva la invitaci\u00f3n.<br>La autoridad del agro, Irene Ram\u00edrez manifest\u00f3 que el concurso Historias de<br>Nuestra Tierra&nbsp;es m\u00e1s que un certamen literario: es un puente entre generaciones,<br>una ventana a nuestras ra\u00edces y una celebraci\u00f3n del valioso legado rural de Chile.<br>Invitamos a todos los interesados a participar y compartir sus historias a trav\u00e9s del<br>sitio web&nbsp;www.historiasdenuestratierra.cl.<br>La ceremonia concluy\u00f3 con un llamado a degustar un caf\u00e9 en los salones de la<br>entrada, marcando el inicio de una nueva etapa en la celebraci\u00f3n y preservaci\u00f3n<br>de la cultura rural de nuestro pa\u00eds.<\/p>\n","protected":false},"excerpt":{"rendered":"<p>En un emotivo evento, el Ministerio de Agricultura, en colaboraci\u00f3n con laFundaci\u00f3n de Comunicaciones, Capacitaci\u00f3n y Cultura del Agro (FUCOA), dioinicio oficial a la convocatoria 2025 del concurso de cuentos,&#8230; <a class=\"read-more\" href=\"https:\/\/www.radiopresidenteibanez.cl\/web\/ceremonia-de-premiacion-y-lanzamiento-de-la-convocatoria-2025-del-concurso-historias-de-nuestra-tierra\/\">Leer m\u00e1s<\/a><\/p>\n","protected":false},"author":2,"featured_media":56095,"comment_status":"closed","ping_status":"closed","sticky":false,"template":"","format":"standard","meta":{"footnotes":""},"categories":[1],"tags":[],"class_list":["post-56094","post","type-post","status-publish","format-standard","has-post-thumbnail","hentry","category-cronica"],"_links":{"self":[{"href":"https:\/\/www.radiopresidenteibanez.cl\/web\/wp-json\/wp\/v2\/posts\/56094","targetHints":{"allow":["GET"]}}],"collection":[{"href":"https:\/\/www.radiopresidenteibanez.cl\/web\/wp-json\/wp\/v2\/posts"}],"about":[{"href":"https:\/\/www.radiopresidenteibanez.cl\/web\/wp-json\/wp\/v2\/types\/post"}],"author":[{"embeddable":true,"href":"https:\/\/www.radiopresidenteibanez.cl\/web\/wp-json\/wp\/v2\/users\/2"}],"replies":[{"embeddable":true,"href":"https:\/\/www.radiopresidenteibanez.cl\/web\/wp-json\/wp\/v2\/comments?post=56094"}],"version-history":[{"count":0,"href":"https:\/\/www.radiopresidenteibanez.cl\/web\/wp-json\/wp\/v2\/posts\/56094\/revisions"}],"wp:featuredmedia":[{"embeddable":true,"href":"https:\/\/www.radiopresidenteibanez.cl\/web\/wp-json\/wp\/v2\/media\/56095"}],"wp:attachment":[{"href":"https:\/\/www.radiopresidenteibanez.cl\/web\/wp-json\/wp\/v2\/media?parent=56094"}],"wp:term":[{"taxonomy":"category","embeddable":true,"href":"https:\/\/www.radiopresidenteibanez.cl\/web\/wp-json\/wp\/v2\/categories?post=56094"},{"taxonomy":"post_tag","embeddable":true,"href":"https:\/\/www.radiopresidenteibanez.cl\/web\/wp-json\/wp\/v2\/tags?post=56094"}],"curies":[{"name":"wp","href":"https:\/\/api.w.org\/{rel}","templated":true}]}}