{"id":56091,"date":"2025-05-04T13:04:05","date_gmt":"2025-05-04T16:04:05","guid":{"rendered":"https:\/\/www.radiopresidenteibanez.cl\/web\/?p=56091"},"modified":"2025-05-04T13:04:12","modified_gmt":"2025-05-04T16:04:12","slug":"universidades-de-magallanes-y-concepcion-coinciden-en-fortalecer-colaboracion-para-investigacion-antartica-y-oceanica","status":"publish","type":"post","link":"https:\/\/www.radiopresidenteibanez.cl\/web\/universidades-de-magallanes-y-concepcion-coinciden-en-fortalecer-colaboracion-para-investigacion-antartica-y-oceanica\/","title":{"rendered":"Universidades de Magallanes y Concepci\u00f3n coinciden en\u00a0fortalecer colaboraci\u00f3n para investigaci\u00f3n ant\u00e1rtica y oce\u00e1nica"},"content":{"rendered":"\n<p><br>La voluntad de fortalecer la colaboraci\u00f3n para el desarrollo de investigaci\u00f3n en las \u00e1reas ant\u00e1rtica y oce\u00e1nica, se destac\u00f3 en la visita realizada por el rector de la Universidad de Concepci\u00f3n, Carlos Saavedra a la principal autoridad acad\u00e9mica de la Universidad de Magallanes, Jos\u00e9 Maripani.<\/p>\n\n\n\n<p>En el encuentro, sostenido en la Sala de Consejo \u201cHernando de Magallanes\u201d de la rector\u00eda de la UMAG, participaron tambi\u00e9n el director del Instituto Oce\u00e1nos de la Universidad de Concepci\u00f3n, Osvaldo Ulloa; el director ejecutivo de Fundaci\u00f3n Antarctica 21, Edgardo Vega; la prorrectora de la UMAG, Mariela Alarc\u00f3n y la vicerrectora de Vinculaci\u00f3n con el Medio de la UMAG, Lorena Aguilar.<\/p>\n\n\n\n<p>Al t\u00e9rmino del encuentro, el rector Carlos Saavedra destac\u00f3 el inter\u00e9s de la Universidad de Concepci\u00f3n en fortalecer alianzas estrat\u00e9gicas con la UMAG en \u00e1reas de mutuo inter\u00e9s, como la investigaci\u00f3n en ciencias ant\u00e1rticas y subant\u00e1rticas, estudios oce\u00e1nicos y atmosf\u00e9ricos. \u201cNuestra mirada, tanto como Universidad de Concepci\u00f3n y tambi\u00e9n compartida por la Universidad de Magallanes, es que nuestras alianzas estrat\u00e9gicas deben desarrollarse al interior de las instituciones del CRUCH, potenciando nuestras capacidades a partir de la colaboraci\u00f3n\u201d, se\u00f1al\u00f3 el acad\u00e9mico, quien explic\u00f3 que este viaje a Punta Arenas permite tambi\u00e9n firmar un convenio de cooperaci\u00f3n con la empresa de turismo ant\u00e1rtico Antarctica 21, para posibilitar un apoyo al trabajo cient\u00edfico en futuras incursiones al continente blanco.<\/p>\n\n\n\n<p>En esa l\u00ednea, el rector Saavedra plante\u00f3 la importancia de que las acciones que la UdeC realice en la regi\u00f3n magall\u00e1nica est\u00e9n vinculadas de manera asociativa con la Universidad de Magallanes. \u201cEse es nuestro objetivo fundamental y, si bien en esta ocasi\u00f3n hemos venido a firmar un convenio con Ant\u00e1rctica 21, nuestra primera visita fue a la universidad, lo que refleja nuestra voluntad de colaboraci\u00f3n, que tambi\u00e9n transmitiremos en reuniones con autoridades regionales, el INACH y otras instituciones\u201d, a\u00f1adi\u00f3.<\/p>\n\n\n\n<p>El rector de la UMAG, Jos\u00e9 Maripani, expres\u00f3 su satisfacci\u00f3n por la visita y valor\u00f3 que &nbsp;\u201csiempre es un honor y un privilegio recibir al rector de la Universidad de Concepci\u00f3n, una universidad tradicional, regional, parte del CRUCH, que ha estado apoyando constantemente a las universidades regionales, incluida la nuestra, mediante becas de maestr\u00eda y doctorado\u201d, se\u00f1al\u00f3.<\/p>\n\n\n\n<p>Asimismo, Maripani destac\u00f3 el inter\u00e9s del rector Saavedra en establecer colaboraciones espec\u00edficas en estudios ant\u00e1rticos y oce\u00e1nicos. \u201cNos invit\u00f3 a trabajar en conjunto en estas \u00e1reas, considerando que han desarrollado institutos especializados. Compartimos la visi\u00f3n de que debemos seguir fortaleciendo nuestras universidades regionales y avanzar en investigaciones que son estrat\u00e9gicas para el pa\u00eds y para el mundo\u201d, subray\u00f3.<\/p>\n","protected":false},"excerpt":{"rendered":"<p>La voluntad de fortalecer la colaboraci\u00f3n para el desarrollo de investigaci\u00f3n en las \u00e1reas ant\u00e1rtica y oce\u00e1nica, se destac\u00f3 en la visita realizada por el rector de la Universidad de&#8230; <a class=\"read-more\" href=\"https:\/\/www.radiopresidenteibanez.cl\/web\/universidades-de-magallanes-y-concepcion-coinciden-en-fortalecer-colaboracion-para-investigacion-antartica-y-oceanica\/\">Leer m\u00e1s<\/a><\/p>\n","protected":false},"author":2,"featured_media":56092,"comment_status":"closed","ping_status":"closed","sticky":false,"template":"","format":"standard","meta":{"footnotes":""},"categories":[1],"tags":[],"class_list":["post-56091","post","type-post","status-publish","format-standard","has-post-thumbnail","hentry","category-cronica"],"_links":{"self":[{"href":"https:\/\/www.radiopresidenteibanez.cl\/web\/wp-json\/wp\/v2\/posts\/56091","targetHints":{"allow":["GET"]}}],"collection":[{"href":"https:\/\/www.radiopresidenteibanez.cl\/web\/wp-json\/wp\/v2\/posts"}],"about":[{"href":"https:\/\/www.radiopresidenteibanez.cl\/web\/wp-json\/wp\/v2\/types\/post"}],"author":[{"embeddable":true,"href":"https:\/\/www.radiopresidenteibanez.cl\/web\/wp-json\/wp\/v2\/users\/2"}],"replies":[{"embeddable":true,"href":"https:\/\/www.radiopresidenteibanez.cl\/web\/wp-json\/wp\/v2\/comments?post=56091"}],"version-history":[{"count":0,"href":"https:\/\/www.radiopresidenteibanez.cl\/web\/wp-json\/wp\/v2\/posts\/56091\/revisions"}],"wp:featuredmedia":[{"embeddable":true,"href":"https:\/\/www.radiopresidenteibanez.cl\/web\/wp-json\/wp\/v2\/media\/56092"}],"wp:attachment":[{"href":"https:\/\/www.radiopresidenteibanez.cl\/web\/wp-json\/wp\/v2\/media?parent=56091"}],"wp:term":[{"taxonomy":"category","embeddable":true,"href":"https:\/\/www.radiopresidenteibanez.cl\/web\/wp-json\/wp\/v2\/categories?post=56091"},{"taxonomy":"post_tag","embeddable":true,"href":"https:\/\/www.radiopresidenteibanez.cl\/web\/wp-json\/wp\/v2\/tags?post=56091"}],"curies":[{"name":"wp","href":"https:\/\/api.w.org\/{rel}","templated":true}]}}