{"id":56075,"date":"2025-05-02T14:05:00","date_gmt":"2025-05-02T17:05:00","guid":{"rendered":"https:\/\/www.radiopresidenteibanez.cl\/web\/?p=56075"},"modified":"2025-05-02T13:08:33","modified_gmt":"2025-05-02T16:08:33","slug":"fondo-para-la-equidad-de-genero-2025-busca-impulsar-proyectos-liderados-por-mujeres-en-magallanes","status":"publish","type":"post","link":"https:\/\/www.radiopresidenteibanez.cl\/web\/fondo-para-la-equidad-de-genero-2025-busca-impulsar-proyectos-liderados-por-mujeres-en-magallanes\/","title":{"rendered":"Fondo para la Equidad de G\u00e9nero 2025 busca impulsar proyectos liderados por mujeres en Magallanes"},"content":{"rendered":"\n<p>El Servicio Nacional de la Mujer y la Equidad de G\u00e9nero (SernamEG) abri\u00f3 la<br>convocatoria 2025 del Fondo para la Equidad de G\u00e9nero (FEG), instrumento que financia<br>proyectos liderados por mujeres en todas las regiones del pa\u00eds. La postulaci\u00f3n \u2014que<br>comenz\u00f3 el 7 de abril y cerrar\u00e1 el 4 de junio\u2014 est\u00e1 dirigida tanto a personas naturales<br>como a organizaciones sin fines de lucro que busquen fortalecer sus capacidades<br>internas, proyectar su trabajo hacia la comunidad o incidir en pol\u00edticas p\u00fablicas con<br>enfoque de g\u00e9nero.<br>Las iniciativas pueden optar a montos de hasta un mill\u00f3n y medio de pesos en la l\u00ednea de<br>fortalecimiento interno y a tres millones de pesos en la l\u00ednea de expansi\u00f3n comunitaria,<br>mientras que la l\u00ednea de desarrollo colaborativo, enfocada en participaci\u00f3n e incidencia,<br>considera financiamiento de hasta un mill\u00f3n y medio de pesos. Los proyectos<br>seleccionados deber\u00e1n ejecutarse entre agosto y noviembre de este a\u00f1o.<br>La directora regional del SernamEG en Magallanes, Pamela Leiva Burgos, subray\u00f3 que<br>\u201ceste fondo es una herramienta concreta para empujar el liderazgo y la autonom\u00eda de las<br>mujeres magall\u00e1nicas. Sabemos que en los territorios m\u00e1s alejados el acceso a recursos<br>es un desaf\u00edo permanente, por eso invitamos a las organizaciones a presentar propuestas<br>que fortalezcan su labor y ampl\u00eden su impacto en la comunidad\u201d.<br>Por su parte, la SEREMI de la Mujer y la Equidad de G\u00e9nero, Alejandra Ruiz Ovando,<br>destac\u00f3 que \u201cla participaci\u00f3n activa de las mujeres es indispensable para el desarrollo de<br>la regi\u00f3n y del pa\u00eds. A trav\u00e9s del FEG fomentamos su incidencia en los espacios donde se<br>toman decisiones, impulsamos su formaci\u00f3n y apoyamos iniciativas que cierren brechas<br>de g\u00e9nero. Nuestro llamado es a postular y aprovechar esta oportunidad que transforma<br>ideas en acciones con financiamiento estatal\u201d.<br>Las bases t\u00e9cnicas y administrativas, que detallan los requisitos de admisibilidad, los<br>criterios de evaluaci\u00f3n y los plazos de cada etapa \u2014admisibilidad, evaluaci\u00f3n, selecci\u00f3n y<br>adjudicaci\u00f3n\u2014 se encuentran disponibles en el sitio oficial de SernamEG:<br>https:\/\/www.sernameg.gob.cl\/convocatoria-2025-fondo-para-la-equidad-de-genero\/.<br>Las postulaciones est\u00e1n abiertas hasta el 05 de junio y se prev\u00e9 la publicaci\u00f3n de<br>resultados para el 28 de julio.<\/p>\n","protected":false},"excerpt":{"rendered":"<p>El Servicio Nacional de la Mujer y la Equidad de G\u00e9nero (SernamEG) abri\u00f3 laconvocatoria 2025 del Fondo para la Equidad de G\u00e9nero (FEG), instrumento que financiaproyectos liderados por mujeres en&#8230; <a class=\"read-more\" href=\"https:\/\/www.radiopresidenteibanez.cl\/web\/fondo-para-la-equidad-de-genero-2025-busca-impulsar-proyectos-liderados-por-mujeres-en-magallanes\/\">Leer m\u00e1s<\/a><\/p>\n","protected":false},"author":2,"featured_media":56076,"comment_status":"closed","ping_status":"closed","sticky":false,"template":"","format":"standard","meta":{"footnotes":""},"categories":[1],"tags":[],"class_list":["post-56075","post","type-post","status-publish","format-standard","has-post-thumbnail","hentry","category-cronica"],"_links":{"self":[{"href":"https:\/\/www.radiopresidenteibanez.cl\/web\/wp-json\/wp\/v2\/posts\/56075","targetHints":{"allow":["GET"]}}],"collection":[{"href":"https:\/\/www.radiopresidenteibanez.cl\/web\/wp-json\/wp\/v2\/posts"}],"about":[{"href":"https:\/\/www.radiopresidenteibanez.cl\/web\/wp-json\/wp\/v2\/types\/post"}],"author":[{"embeddable":true,"href":"https:\/\/www.radiopresidenteibanez.cl\/web\/wp-json\/wp\/v2\/users\/2"}],"replies":[{"embeddable":true,"href":"https:\/\/www.radiopresidenteibanez.cl\/web\/wp-json\/wp\/v2\/comments?post=56075"}],"version-history":[{"count":0,"href":"https:\/\/www.radiopresidenteibanez.cl\/web\/wp-json\/wp\/v2\/posts\/56075\/revisions"}],"wp:featuredmedia":[{"embeddable":true,"href":"https:\/\/www.radiopresidenteibanez.cl\/web\/wp-json\/wp\/v2\/media\/56076"}],"wp:attachment":[{"href":"https:\/\/www.radiopresidenteibanez.cl\/web\/wp-json\/wp\/v2\/media?parent=56075"}],"wp:term":[{"taxonomy":"category","embeddable":true,"href":"https:\/\/www.radiopresidenteibanez.cl\/web\/wp-json\/wp\/v2\/categories?post=56075"},{"taxonomy":"post_tag","embeddable":true,"href":"https:\/\/www.radiopresidenteibanez.cl\/web\/wp-json\/wp\/v2\/tags?post=56075"}],"curies":[{"name":"wp","href":"https:\/\/api.w.org\/{rel}","templated":true}]}}