{"id":56029,"date":"2025-04-30T10:49:00","date_gmt":"2025-04-30T13:49:00","guid":{"rendered":"https:\/\/www.radiopresidenteibanez.cl\/web\/?p=56029"},"modified":"2025-04-30T09:33:53","modified_gmt":"2025-04-30T12:33:53","slug":"diputado-matheson-acusa-al-gobierno-de-afectar-gravemente-el-programa-de-desarrollo-de-enap-en-la-region","status":"publish","type":"post","link":"https:\/\/www.radiopresidenteibanez.cl\/web\/diputado-matheson-acusa-al-gobierno-de-afectar-gravemente-el-programa-de-desarrollo-de-enap-en-la-region\/","title":{"rendered":"Diputado Matheson acusa al gobierno de afectar gravemente el programa de desarrollo de ENAP en la regi\u00f3n"},"content":{"rendered":"\n<p>Una profunda cr\u00edtica al actuar del Ministerio de Hacienda realiz\u00f3 el diputado Christian Matheson, luego de conocerse que el gobierno retir\u00f3 el 50% de las utilidades de la Empresa Nacional del Petr\u00f3leo (ENAP) del 2024, suma que asciende a los 200 millones de d\u00f3lares y que se agrega al retiro realizado en 2023 por otros 400 millones de la divisa estadounidense, lo que a juicio del legislador \u201cafecta gravemente el desarrollo de la estatal en la Regi\u00f3n de Magallanes\u201d.<\/p>\n\n\n\n<p>Para el parlamentario, los retiros realizados por Hacienda \u201cs\u00f3lo demuestran la ineficacia en la gesti\u00f3n y administraci\u00f3n de los recursos del Estado. Ya lo vimos hace poco con Corfo y ahora vemos otro manotazo a una suma importante de dinero, que es b\u00e1sicamente para cubrir gasto corriente, o deuda del gobierno\u201d.<\/p>\n\n\n\n<p>Agreg\u00f3 que \u201cel ministro Mario Marcel, que fue presidente del Banco Central, sabe que est\u00e1 destruyendo la econom\u00eda del pa\u00eds\u201d, subray\u00f3 Matheson, junto con afirmar que \u201cestamos frente a una persona tremendamente ideologizada, con un descaro que no tiene l\u00edmites, cosa que advert\u00ed p\u00fablicamente en una sesi\u00f3n de la C\u00e1mara en el 2022 y que da cuenta que es una mala persona, porque sabe que su accionar, m\u00e1s temprano que tarde, va a empobrecer gravemente a las familias de clase media y a las m\u00e1s vulnerables\u201d.<\/p>\n\n\n\n<p>Tambi\u00e9n se\u00f1al\u00f3 que \u201cdurante esta administraci\u00f3n, toda la gesti\u00f3n del Ministerio de Hacienda ha sido un desastre y Marcel no quiere reconocerlo tratando de enga\u00f1ar a los chilenos. Tenemos un desbalance fiscal tremendo y la actual administraci\u00f3n est\u00e1 sacando recursos de donde puede meter mano para cubrir el hoyo financiero que tenemos, incluido del fondo para emergencias, por lo que, si hay un desastre natural en el pa\u00eds, el Estado no tendr\u00e1 ninguna capacidad de acci\u00f3n\u201d.<\/p>\n\n\n\n<p>Por \u00faltimo, Matheson adelant\u00f3 que este retiro de las utilidades de la empresa estatal \u201cafectar\u00e1 gravemente el programa de desarrollo de Empresa Nacional del Petr\u00f3leo, industria que provee una cantidad importante de puestos de trabajo en la regi\u00f3n\u201d.<\/p>\n","protected":false},"excerpt":{"rendered":"<p>Una profunda cr\u00edtica al actuar del Ministerio de Hacienda realiz\u00f3 el diputado Christian Matheson, luego de conocerse que el gobierno retir\u00f3 el 50% de las utilidades de la Empresa Nacional&#8230; <a class=\"read-more\" href=\"https:\/\/www.radiopresidenteibanez.cl\/web\/diputado-matheson-acusa-al-gobierno-de-afectar-gravemente-el-programa-de-desarrollo-de-enap-en-la-region\/\">Leer m\u00e1s<\/a><\/p>\n","protected":false},"author":2,"featured_media":56030,"comment_status":"closed","ping_status":"closed","sticky":false,"template":"","format":"standard","meta":{"footnotes":""},"categories":[1],"tags":[],"class_list":["post-56029","post","type-post","status-publish","format-standard","has-post-thumbnail","hentry","category-cronica"],"_links":{"self":[{"href":"https:\/\/www.radiopresidenteibanez.cl\/web\/wp-json\/wp\/v2\/posts\/56029","targetHints":{"allow":["GET"]}}],"collection":[{"href":"https:\/\/www.radiopresidenteibanez.cl\/web\/wp-json\/wp\/v2\/posts"}],"about":[{"href":"https:\/\/www.radiopresidenteibanez.cl\/web\/wp-json\/wp\/v2\/types\/post"}],"author":[{"embeddable":true,"href":"https:\/\/www.radiopresidenteibanez.cl\/web\/wp-json\/wp\/v2\/users\/2"}],"replies":[{"embeddable":true,"href":"https:\/\/www.radiopresidenteibanez.cl\/web\/wp-json\/wp\/v2\/comments?post=56029"}],"version-history":[{"count":0,"href":"https:\/\/www.radiopresidenteibanez.cl\/web\/wp-json\/wp\/v2\/posts\/56029\/revisions"}],"wp:featuredmedia":[{"embeddable":true,"href":"https:\/\/www.radiopresidenteibanez.cl\/web\/wp-json\/wp\/v2\/media\/56030"}],"wp:attachment":[{"href":"https:\/\/www.radiopresidenteibanez.cl\/web\/wp-json\/wp\/v2\/media?parent=56029"}],"wp:term":[{"taxonomy":"category","embeddable":true,"href":"https:\/\/www.radiopresidenteibanez.cl\/web\/wp-json\/wp\/v2\/categories?post=56029"},{"taxonomy":"post_tag","embeddable":true,"href":"https:\/\/www.radiopresidenteibanez.cl\/web\/wp-json\/wp\/v2\/tags?post=56029"}],"curies":[{"name":"wp","href":"https:\/\/api.w.org\/{rel}","templated":true}]}}