{"id":56026,"date":"2025-04-30T09:36:00","date_gmt":"2025-04-30T12:36:00","guid":{"rendered":"https:\/\/www.radiopresidenteibanez.cl\/web\/?p=56026"},"modified":"2025-04-30T08:10:52","modified_gmt":"2025-04-30T11:10:52","slug":"establecimientos-del-slep-magallanes-celebraron-el-dia-de-la-convivencia-escolar","status":"publish","type":"post","link":"https:\/\/www.radiopresidenteibanez.cl\/web\/establecimientos-del-slep-magallanes-celebraron-el-dia-de-la-convivencia-escolar\/","title":{"rendered":"Establecimientos del SLEP Magallanes celebraron el d\u00eda de la convivencia escolar"},"content":{"rendered":"\n<p>Con diversas actividades orientadas a destacar la buena convivencia y el<br>bienestar asociado al trabajo socio emocional se celebr\u00f3 en jardines infantiles<br>escuelas y liceos de toda la regi\u00f3n el d\u00eda de la convivencia educativa.<br>Durante todo el mes de abril se efectuaron en los establecimientos distintas<br>iniciativas para analizar con las comunidades educativas la importancia de una<br>buena din\u00e1mica de relaciones dentro de los establecimientos educacionales,<br>buscando arraigar una cultura de respeto y bienestar.<br>En el marco de esta celebraci\u00f3n, el director ejecutivo subrogante del Servicio<br>Local de Educaci\u00f3n P\u00fablica Magallanes, Benjam\u00edn Agurto, destac\u00f3 que el<br>proyecto de ley sobre convivencia, buen trato y bienestar de las comunidades<br>educativas, que se encuentra en segundo tr\u00e1mite constitucional en el Congreso,<br>busca establecer un marco legal robusto que asegure que todos los<br>establecimientos educativos promuevan activamente un ambiente seguro e<br>inclusivo. Esto, al consagrar una Pol\u00edtica Nacional de Convivencia Educativa y<br>establecer la figura del coordinador de convivencia.<br>Este martes, en el d\u00eda de la convivencia educativa, en la sede de ense\u00f1anza<br>media del Liceo Juan Bautista Contardi organizaron una feria en la que distintas<br>instituciones expusieron sus servicios en beneficio de las y los j\u00f3venes.<br>La directora del establecimiento, Miriam Bastidas, indic\u00f3 que \u201cinvitamos a nuestras<br>redes a esta feria a colaborar para que los estudiantes conozcan todos los lugares<br>donde pueden acudir para mejorar su salud mental, su formaci\u00f3n ciudadana y las<br>relaciones entre ellos\u201d.<br>Por su parte, la encargada de convivencia del liceo, Sonia Barr\u00eda, agreg\u00f3 que \u201cla<br>convivencia se vive a diario e intentamos promover que todas las personas sientan<br>desde su rol la importancia de apoyar a la convivencia, con talleres, entrevistas y<br>un equipo dispuesto para acompa\u00f1ar a estudiantes y familias si lo necesitan\u201d.<br>En la Escuela Pedro Pablo Lemaitre, sede b\u00e1sica, se vivi\u00f3 durante la jornada una<br>experiencia similar que permiti\u00f3 a los estudiantes conocer opciones de acceso a<br>informaci\u00f3n y ayudas importantes.<br>\u201cNosotros tuvimos distintas actividades esta semana y espec\u00edficamente este d\u00eda<br>de la convivencia escolar tuvimos una intervenci\u00f3n de los s\u00e9ptimos y octavos que<br>invitaron a sus compa\u00f1eros de primero y segundo b\u00e1sico a desarrollar actividades<br>l\u00fadicas, juegos, caritas pintadas y otra serie de actividades. Y cerramos el d\u00eda con<br>esta Expo a la que vinieron nuestros organismos colaboradores y compartieron<br>con nosotros, donde exhibieron los trabajos que hicieron los chicos durante el<\/p>\n\n\n\n<p>a\u00f1o\u201d, explic\u00f3 Jos\u00e9 Leighton, encargado de convivencia escolar de la escuela<br>Pedro Pablo Lemaitre sede b\u00e1sica.<br>El d\u00eda de convivencia escolar es una fecha relevante para las comunidades<br>educativas, pues seg\u00fan explica la trabajadora social del equipo de convivencia de<br>la escuela Pedro Pablo Lemaitre, Carla Poggi, el conmemorar esta fecha le da<br>importancia la vivir en comunidad de manera amable y responsable.<\/p>\n","protected":false},"excerpt":{"rendered":"<p>Con diversas actividades orientadas a destacar la buena convivencia y elbienestar asociado al trabajo socio emocional se celebr\u00f3 en jardines infantilesescuelas y liceos de toda la regi\u00f3n el d\u00eda de&#8230; <a class=\"read-more\" href=\"https:\/\/www.radiopresidenteibanez.cl\/web\/establecimientos-del-slep-magallanes-celebraron-el-dia-de-la-convivencia-escolar\/\">Leer m\u00e1s<\/a><\/p>\n","protected":false},"author":2,"featured_media":56027,"comment_status":"closed","ping_status":"closed","sticky":false,"template":"","format":"standard","meta":{"footnotes":""},"categories":[1],"tags":[],"class_list":["post-56026","post","type-post","status-publish","format-standard","has-post-thumbnail","hentry","category-cronica"],"_links":{"self":[{"href":"https:\/\/www.radiopresidenteibanez.cl\/web\/wp-json\/wp\/v2\/posts\/56026","targetHints":{"allow":["GET"]}}],"collection":[{"href":"https:\/\/www.radiopresidenteibanez.cl\/web\/wp-json\/wp\/v2\/posts"}],"about":[{"href":"https:\/\/www.radiopresidenteibanez.cl\/web\/wp-json\/wp\/v2\/types\/post"}],"author":[{"embeddable":true,"href":"https:\/\/www.radiopresidenteibanez.cl\/web\/wp-json\/wp\/v2\/users\/2"}],"replies":[{"embeddable":true,"href":"https:\/\/www.radiopresidenteibanez.cl\/web\/wp-json\/wp\/v2\/comments?post=56026"}],"version-history":[{"count":0,"href":"https:\/\/www.radiopresidenteibanez.cl\/web\/wp-json\/wp\/v2\/posts\/56026\/revisions"}],"wp:featuredmedia":[{"embeddable":true,"href":"https:\/\/www.radiopresidenteibanez.cl\/web\/wp-json\/wp\/v2\/media\/56027"}],"wp:attachment":[{"href":"https:\/\/www.radiopresidenteibanez.cl\/web\/wp-json\/wp\/v2\/media?parent=56026"}],"wp:term":[{"taxonomy":"category","embeddable":true,"href":"https:\/\/www.radiopresidenteibanez.cl\/web\/wp-json\/wp\/v2\/categories?post=56026"},{"taxonomy":"post_tag","embeddable":true,"href":"https:\/\/www.radiopresidenteibanez.cl\/web\/wp-json\/wp\/v2\/tags?post=56026"}],"curies":[{"name":"wp","href":"https:\/\/api.w.org\/{rel}","templated":true}]}}