{"id":56006,"date":"2025-04-29T13:17:00","date_gmt":"2025-04-29T16:17:00","guid":{"rendered":"https:\/\/www.radiopresidenteibanez.cl\/web\/?p=56006"},"modified":"2025-04-29T11:04:04","modified_gmt":"2025-04-29T14:04:04","slug":"hyst-da-el-vamos-a-su-plan-internacional-de-promocion-turistica-2025","status":"publish","type":"post","link":"https:\/\/www.radiopresidenteibanez.cl\/web\/hyst-da-el-vamos-a-su-plan-internacional-de-promocion-turistica-2025\/","title":{"rendered":"HYST da el vamos a su plan internacional de promoci\u00f3n tur\u00edstica 2025"},"content":{"rendered":"\n<p>La Asociaci\u00f3n de Hoteles y Servicios Tur\u00edsticos de Torres del Paine, HYST, realiz\u00f3 su primer evento internacional del 2025, marcando el inicio de una serie de acciones estrat\u00e9gicas enfocadas en fortalecer la promoci\u00f3n de Magallanes y la Ant\u00e1rtica Chilena en mercados clave de Am\u00e9rica<br>Latina.<br>Este primer encuentro, realizado con gran \u00e9xito en Buenos Aires, Argentina, reuni\u00f3<br>a m\u00e1s de 50 empresas argentinas y 12 empresas magall\u00e1nicas en ruedas de<br>negocios que abri\u00f3 nuevas oportunidades de colaboraci\u00f3n comercial.<br>\u201cEste primer paso internacional representa un hito para nuestra asociaci\u00f3n y para<br>todo el destino. Queremos que Torres del Paine se posicione como lugares para<br>vivir experiencias \u00fanicas, no solo en verano, sino durante todo el a\u00f1o\u201d, destac\u00f3<br>Sara Adema, gerente de HYST.<br>La actividad tuvo especial enfasis en la promoci\u00f3n de la temporada invernal,<br>mostrando que la Patragonia chilena ofrece aventura y naturaleza durante todas<br>las estaciones. Adem\u00e1s de las ruedas de negocios, el evento incluy\u00f3 una<br>capacitaci\u00f3n de destino para los asistentes y culmin\u00f3 con un c\u00f3ctel de cierre,<br>donde se consolidaron importantes alianzas estrat\u00e9gicas.<br>\u201cEstamos convencidos de que trabajar unidos nos permitir\u00e1 alcanzar nuevos<br>mercados y fortalecer nuestra presencia internacional. Hoy m\u00e1s que nunca<br>necesitamos mostrar al mundo que nuestra Magallanes y especialmente, Torres<br>del Paine, se puede descubrir en cualquier \u00e9poca del a\u00f1o,\u201d agreg\u00f3 Adema.<br>El evento cont\u00f3 con el respaldo de la Embajada de Chile en Argentina y ProChile.<br>Las empresas magall\u00e1nicas participantes fueron: Lago Grey, V\u00e9rtice, Hotel del<br>Paine, Las Torres, Kipaventure, Patagonia Planet, Turismo Runner, Weskar, La<br>Yegua Loca, Parque del Estrecho, DAP y R\u00edo Serrano.<br>Tras el \u00e9xito en Buenos Aires, HYST ya se encuentra preparando sus pr\u00f3ximas<br>actividades internacionales: el showroo que se realizar\u00e1 el 14 de mayo en Ciudad<br>de M\u00e9xico, y el showroom de S\u00e3o Paulo, Brasil, programado para el 14 de agosto.<\/p>\n\n\n\n<p>\u201cNuestro compromiso es seguir desarrollando acciones que beneficien no solo a<br>nuestras empresas asociadas, sino a todo el rubro tur\u00edstico de la regi\u00f3n.<br>Seguiremos llevando la voz de la Patagonia Austral a nuevos rincones del mundo,\u201d<br>concluy\u00f3 Sara Adema.<br>Con este exitoso inicio, HYST reafirma su compromiso de seguir posicionando a<br>Magallanes y la Ant\u00e1rtica Chilena como destinos imperdibles para vivir<br>experiencias \u00fanicas todo el a\u00f1o.<\/p>\n","protected":false},"excerpt":{"rendered":"<p>La Asociaci\u00f3n de Hoteles y Servicios Tur\u00edsticos de Torres del Paine, HYST, realiz\u00f3 su primer evento internacional del 2025, marcando el inicio de una serie de acciones estrat\u00e9gicas enfocadas en&#8230; <a class=\"read-more\" href=\"https:\/\/www.radiopresidenteibanez.cl\/web\/hyst-da-el-vamos-a-su-plan-internacional-de-promocion-turistica-2025\/\">Leer m\u00e1s<\/a><\/p>\n","protected":false},"author":2,"featured_media":56007,"comment_status":"closed","ping_status":"closed","sticky":false,"template":"","format":"standard","meta":{"footnotes":""},"categories":[1],"tags":[],"class_list":["post-56006","post","type-post","status-publish","format-standard","has-post-thumbnail","hentry","category-cronica"],"_links":{"self":[{"href":"https:\/\/www.radiopresidenteibanez.cl\/web\/wp-json\/wp\/v2\/posts\/56006","targetHints":{"allow":["GET"]}}],"collection":[{"href":"https:\/\/www.radiopresidenteibanez.cl\/web\/wp-json\/wp\/v2\/posts"}],"about":[{"href":"https:\/\/www.radiopresidenteibanez.cl\/web\/wp-json\/wp\/v2\/types\/post"}],"author":[{"embeddable":true,"href":"https:\/\/www.radiopresidenteibanez.cl\/web\/wp-json\/wp\/v2\/users\/2"}],"replies":[{"embeddable":true,"href":"https:\/\/www.radiopresidenteibanez.cl\/web\/wp-json\/wp\/v2\/comments?post=56006"}],"version-history":[{"count":0,"href":"https:\/\/www.radiopresidenteibanez.cl\/web\/wp-json\/wp\/v2\/posts\/56006\/revisions"}],"wp:featuredmedia":[{"embeddable":true,"href":"https:\/\/www.radiopresidenteibanez.cl\/web\/wp-json\/wp\/v2\/media\/56007"}],"wp:attachment":[{"href":"https:\/\/www.radiopresidenteibanez.cl\/web\/wp-json\/wp\/v2\/media?parent=56006"}],"wp:term":[{"taxonomy":"category","embeddable":true,"href":"https:\/\/www.radiopresidenteibanez.cl\/web\/wp-json\/wp\/v2\/categories?post=56006"},{"taxonomy":"post_tag","embeddable":true,"href":"https:\/\/www.radiopresidenteibanez.cl\/web\/wp-json\/wp\/v2\/tags?post=56006"}],"curies":[{"name":"wp","href":"https:\/\/api.w.org\/{rel}","templated":true}]}}