{"id":55975,"date":"2025-04-28T16:14:00","date_gmt":"2025-04-28T19:14:00","guid":{"rendered":"https:\/\/www.radiopresidenteibanez.cl\/web\/?p=55975"},"modified":"2025-04-28T11:15:55","modified_gmt":"2025-04-28T14:15:55","slug":"pdi-abre-nuevo-proceso-para-agentes-policiales","status":"publish","type":"post","link":"https:\/\/www.radiopresidenteibanez.cl\/web\/pdi-abre-nuevo-proceso-para-agentes-policiales\/","title":{"rendered":"PDI ABRE NUEVO PROCESO PARA AGENTES POLICIALES"},"content":{"rendered":"\n<p>Una nueva postulaci\u00f3n, en el marco de la ley de aumento de dotaci\u00f3n, abri\u00f3 la PDI<br>para incluir en sus filas a 250 nuevos Agentes Policiales. El objetivo es aumentar<br>progresivamente la dotaci\u00f3n de 950 a 4022, a un ritmo de 250 funcionarios al a\u00f1o.<br>El Subprefecto Rodrigo Zamora, director del Centro de Capacitaci\u00f3n Profesional<br>de la PDI, CECAPRO, declar\u00f3 que \u00abel proceso viene a fortalecer la instituci\u00f3n en<br>\u00e1reas claves hoy para nuestro pa\u00eds como son el control fronterizo y migratorio, el<br>manejo de evidencias como recolectores, el apoyo a las Brigadas en los procesos<br>investigativos, entre otros\u00bb.<br>En ese sentido, Zamora reforz\u00f3 que \u00abel agente policial cumple un papel estrat\u00e9gico<br>y colaborativo con el detective, para lo cual el funcionario cuenta con placa y arma<br>de cargo tal como todos los oficiales\u00bb.<\/p>\n\n\n\n<p>DESCRIPCI\u00d3N DE LA CARRERA<br>La carrera tiene una duraci\u00f3n de dos a\u00f1os, el primero presencial en r\u00e9gimen de<br>internado y el segundo en la modalidad b-learning, destacando que desde que<br>superan el proceso de postulaci\u00f3n ingresan autom\u00e1ticamente a planta de la PDI,<br>recibiendo todos los beneficios correspondientes a salud y previsi\u00f3n de cualquier<br>funcionario. Adicionalmente, a fines de su primer a\u00f1o comienzan a percibir<br>ingresos estimados en 1 mill\u00f3n de pesos, posteriormente, los alumnos son<br>destinados a las distintas unidades operativas del pa\u00eds para realizar su pr\u00e1ctica<br>profesional, supervisada por un oficial tutor. Al finalizar el curso, los egresados<br>reciben el t\u00edtulo de \u00abT\u00e9cnico de nivel superior en labores investigativas y control<br>migratorio\u00bb.<br>\u00bfQUI\u00c9N ES EL AGENTE POLICIAL?<br>Al egresar de la carrera, los agentes policiales podr\u00e1n desempe\u00f1arse en diversas<br>\u00e1reas entre las cuales destacan recuperadores criminal\u00edsticos, control migratorio y<br>fiscalizaci\u00f3n, piloto de avi\u00f3n, mec\u00e1nico de helic\u00f3ptero y tripulante, operador<br>t\u00e1ctico, gu\u00eda canino, t\u00e1ctico en el equipo de Modelo Territorial Cero (MT-0), Buzo<br>Criminal\u00edstico, protecci\u00f3n de personas importantes y Centro de toma de Denuncias<br>y Seguridad en los Cuarteles.<br>Las postulaciones pueden realizarse hasta el viernes 2 de mayo y el ingreso de los<br>seleccionados est\u00e1 previsto para la primera quincena del mes de febrero del<br>pr\u00f3ximo a\u00f1o.<br>\u00bfC\u00d3MO POSTULAR?<\/p>\n\n\n\n<p>La convocatoria es abierta para mujeres y hombres, de nacionalidad chilena, que<br>est\u00e9n interesados en postular al Centro de Capacitaci\u00f3n Profesional para el cargo<br>de Agentes Policiales, integr\u00e1ndose a la instituci\u00f3n. Los seleccionados recibir\u00e1n la<br>formaci\u00f3n t\u00e9cnica-profesional que los facultar\u00e1 para prestar apoyo permanente a<br>la labor policial y de calidad en los diversos procesos investigativos.<\/p>\n\n\n\n<p>Requisitos:<\/p>\n\n\n\n<ul class=\"wp-block-list\">\n<li>Ser Chileno (a).<\/li>\n\n\n\n<li>Tener entre 18 y 30 a\u00f1os a la fecha de inicio de la formaci\u00f3n.<\/li>\n\n\n\n<li>Poseer Licencia de Ense\u00f1anza Media a la fecha de inicio de la formaci\u00f3n.<\/li>\n\n\n\n<li>Situaci\u00f3n militar al d\u00eda (no implica haber realizado Servicio Militar).<\/li>\n\n\n\n<li>Estar en posesi\u00f3n de Licencia de Conducir Clase B o Profesional al momento de<br>rendir la prueba de conducci\u00f3n.<\/li>\n\n\n\n<li>Presentar certificado de antecedentes para fines especiales.<\/li>\n\n\n\n<li>Demostrar salud compatible con el desempe\u00f1o de la funci\u00f3n policial<\/li>\n\n\n\n<li>Antecedentes personales y familiares intachables.<\/li>\n<\/ul>\n","protected":false},"excerpt":{"rendered":"<p>Una nueva postulaci\u00f3n, en el marco de la ley de aumento de dotaci\u00f3n, abri\u00f3 la PDIpara incluir en sus filas a 250 nuevos Agentes Policiales. El objetivo es aumentarprogresivamente la&#8230; <a class=\"read-more\" href=\"https:\/\/www.radiopresidenteibanez.cl\/web\/pdi-abre-nuevo-proceso-para-agentes-policiales\/\">Leer m\u00e1s<\/a><\/p>\n","protected":false},"author":2,"featured_media":55976,"comment_status":"closed","ping_status":"closed","sticky":false,"template":"","format":"standard","meta":{"footnotes":""},"categories":[1],"tags":[],"class_list":["post-55975","post","type-post","status-publish","format-standard","has-post-thumbnail","hentry","category-cronica"],"_links":{"self":[{"href":"https:\/\/www.radiopresidenteibanez.cl\/web\/wp-json\/wp\/v2\/posts\/55975","targetHints":{"allow":["GET"]}}],"collection":[{"href":"https:\/\/www.radiopresidenteibanez.cl\/web\/wp-json\/wp\/v2\/posts"}],"about":[{"href":"https:\/\/www.radiopresidenteibanez.cl\/web\/wp-json\/wp\/v2\/types\/post"}],"author":[{"embeddable":true,"href":"https:\/\/www.radiopresidenteibanez.cl\/web\/wp-json\/wp\/v2\/users\/2"}],"replies":[{"embeddable":true,"href":"https:\/\/www.radiopresidenteibanez.cl\/web\/wp-json\/wp\/v2\/comments?post=55975"}],"version-history":[{"count":0,"href":"https:\/\/www.radiopresidenteibanez.cl\/web\/wp-json\/wp\/v2\/posts\/55975\/revisions"}],"wp:featuredmedia":[{"embeddable":true,"href":"https:\/\/www.radiopresidenteibanez.cl\/web\/wp-json\/wp\/v2\/media\/55976"}],"wp:attachment":[{"href":"https:\/\/www.radiopresidenteibanez.cl\/web\/wp-json\/wp\/v2\/media?parent=55975"}],"wp:term":[{"taxonomy":"category","embeddable":true,"href":"https:\/\/www.radiopresidenteibanez.cl\/web\/wp-json\/wp\/v2\/categories?post=55975"},{"taxonomy":"post_tag","embeddable":true,"href":"https:\/\/www.radiopresidenteibanez.cl\/web\/wp-json\/wp\/v2\/tags?post=55975"}],"curies":[{"name":"wp","href":"https:\/\/api.w.org\/{rel}","templated":true}]}}