{"id":55966,"date":"2025-04-28T11:59:00","date_gmt":"2025-04-28T14:59:00","guid":{"rendered":"https:\/\/www.radiopresidenteibanez.cl\/web\/?p=55966"},"modified":"2025-04-28T10:08:37","modified_gmt":"2025-04-28T13:08:37","slug":"abren-cupos-para-taller-de-creacion-en-poesia-experimental-poetika_os","status":"publish","type":"post","link":"https:\/\/www.radiopresidenteibanez.cl\/web\/abren-cupos-para-taller-de-creacion-en-poesia-experimental-poetika_os\/","title":{"rendered":"Abren cupos para Taller de Creaci\u00f3n en Poes\u00eda Experimental \u201cPoetika_os\u201d"},"content":{"rendered":"\n<p>La ciudad de Punta Arenas ser\u00e1 sede de la iniciativa cultural<br>\u00abTaller de Creaci\u00f3n Poes\u00eda Experimental Poetika_os\u00bb, proyecto financiado por el Fondo del<br>Libro y la Lectura Convocatoria 2025, del Ministerio de las Culturas, las Artes y el Patrimonio.<br>La instancia formativa es dirigida por la poeta y profesora Fernanda C\u00e1rdenas M\u00e1rquez, quien<br>busca fomentar la creaci\u00f3n literaria innovadora, mediante el uso de t\u00e9cnicas experimentales y<br>sensoriales. \u201cLa idea es que exploremos diversos enfoques de la poes\u00eda experimental, como la<br>poes\u00eda sonora, visual, fon\u00e9tica, surrealista, dad\u00e1 y digital, la videopoes\u00eda y otras t\u00e9cnicas,<br>aprovechando el entorno natural y cultural magall\u00e1nico como fuente de inspiraci\u00f3n\u201d, afirm\u00f3 la<br>educadora.<br>El taller se realizar\u00e1 en la Biblioteca P\u00fablica N\u00b047, espacio recientemente renovado y ubicado en<br>el sector norte de la capital regional. Ser\u00e1n 16 sesiones semanales, que se llevar\u00e1n a cabo los<br>d\u00edas s\u00e1bado entre las 11:00 y las 13:00 horas, y se extender\u00e1n desde el 17 de mayo hasta el<br>30 de agosto. En estos espacios te\u00f3rico-pr\u00e1cticos, se combinar\u00e1n la introducci\u00f3n conceptual<br>con ejercicios creativos inmediatos, experiencias sensoriales, integraci\u00f3n de tecnolog\u00edas<br>digitales como herramientas de grabaci\u00f3n y edici\u00f3n de audio y video, y talleres colaborativos<br>para la creaci\u00f3n colectiva de obras literarias.<br>El programa contempla salidas de campo a lugares emblem\u00e1ticos de la regi\u00f3n, como la<br>Reserva Nacional Magallanes y el borde costero del Estrecho de Magallanes, para desarrollar<br>una relaci\u00f3n creativa con el territorio. Incluye tambi\u00e9n encuentros de colaboraci\u00f3n y<br>enriquecimiento mutuo con artistas y escritores locales. Al final del trabajo, se producir\u00e1 una<br>revista literaria de distribuci\u00f3n gratuita que compilar\u00e1 las obras creadas, y se realizar\u00e1 un recital<br>po\u00e9tico abierto a la comunidad, con el fin de fortalecer las redes culturales de Punta Arenas.<br>Entre los autores que inspirar\u00e1n el trabajo creativo est\u00e1n Nicanor Parra, Vicente Huidobro, E. E.<br>Cummings, Guillaume Apollinaire, Tristan Tzara, Augusto de Campos, Guillermo Deisler, entre<br>otros<br>\u00bfQui\u00e9n dirige el taller?<br>Fernanda C\u00e1rdenas M\u00e1rquez (1990) es poeta y profesora de Lenguaje por la Universidad de<br>Magallanes. Ha publicado el libro Creciente (Editorial Cuarto Propio, 2020). Ha sido integrada<br>en la Antolog\u00eda Po\u00e9tica de Ayer y Hoy en Magallanes (Editorial Municipal, 2016), en el Cuaderno<br>N\u00b0 78 (Revista de la Fundaci\u00f3n Pablo Neruda, 2018), en la Antolog\u00eda virtual Fiordos, no islas<br>(Fundaci\u00f3n Pablo Neruda, 2021), Derrota Asintom\u00e1tica (Editorial Moda y Pueblo, 2021) y en la<br>Antolog\u00eda de Poetas Magall\u00e1nicas Luces desolada(s) (Editorial Cuarto Propio, 2022).<\/p>\n\n\n\n<p>Mariposazulada, como se la conoce en redes sociales, forma parte del colectivo Vetas,<br>participa de la Revista UNA, e integr\u00f3 el C\u00edrculo de mujeres poetas Nunca Quisimos Ser Reinas<br>hasta el 2023, con quienes comparti\u00f3 escenario en el 3er Festival de Poes\u00eda La Chascona<br>(2019). Obtuvo la beca de Creaci\u00f3n Literaria del Fondo del Libro del Ministerio de las Culturas,<br>las Artes y el Patrimonio (2022). Ese mismo a\u00f1o, estudi\u00f3 un diplomado de Promoci\u00f3n y<br>Animaci\u00f3n a la Lectura, proyecto financiado por el Fondo Nacional de Fomento del Libro y la<br>Lectura, Convocatoria 2023.<br>Las postulaciones a su taller estar\u00e1n abiertas hasta las 23:59 horas de Magallanes del 11 de<br>mayo, a trav\u00e9s de este formulario. Los cupos se limitan a un m\u00e1ximo de 12 participantes. Para<br>m\u00e1s informaci\u00f3n, est\u00e1 disponible el correo tallerpoetikaos2025@gmail.com.<\/p>\n","protected":false},"excerpt":{"rendered":"<p>La ciudad de Punta Arenas ser\u00e1 sede de la iniciativa cultural\u00abTaller de Creaci\u00f3n Poes\u00eda Experimental Poetika_os\u00bb, proyecto financiado por el Fondo delLibro y la Lectura Convocatoria 2025, del Ministerio de&#8230; <a class=\"read-more\" href=\"https:\/\/www.radiopresidenteibanez.cl\/web\/abren-cupos-para-taller-de-creacion-en-poesia-experimental-poetika_os\/\">Leer m\u00e1s<\/a><\/p>\n","protected":false},"author":2,"featured_media":55967,"comment_status":"closed","ping_status":"closed","sticky":false,"template":"","format":"standard","meta":{"footnotes":""},"categories":[1],"tags":[],"class_list":["post-55966","post","type-post","status-publish","format-standard","has-post-thumbnail","hentry","category-cronica"],"_links":{"self":[{"href":"https:\/\/www.radiopresidenteibanez.cl\/web\/wp-json\/wp\/v2\/posts\/55966","targetHints":{"allow":["GET"]}}],"collection":[{"href":"https:\/\/www.radiopresidenteibanez.cl\/web\/wp-json\/wp\/v2\/posts"}],"about":[{"href":"https:\/\/www.radiopresidenteibanez.cl\/web\/wp-json\/wp\/v2\/types\/post"}],"author":[{"embeddable":true,"href":"https:\/\/www.radiopresidenteibanez.cl\/web\/wp-json\/wp\/v2\/users\/2"}],"replies":[{"embeddable":true,"href":"https:\/\/www.radiopresidenteibanez.cl\/web\/wp-json\/wp\/v2\/comments?post=55966"}],"version-history":[{"count":0,"href":"https:\/\/www.radiopresidenteibanez.cl\/web\/wp-json\/wp\/v2\/posts\/55966\/revisions"}],"wp:featuredmedia":[{"embeddable":true,"href":"https:\/\/www.radiopresidenteibanez.cl\/web\/wp-json\/wp\/v2\/media\/55967"}],"wp:attachment":[{"href":"https:\/\/www.radiopresidenteibanez.cl\/web\/wp-json\/wp\/v2\/media?parent=55966"}],"wp:term":[{"taxonomy":"category","embeddable":true,"href":"https:\/\/www.radiopresidenteibanez.cl\/web\/wp-json\/wp\/v2\/categories?post=55966"},{"taxonomy":"post_tag","embeddable":true,"href":"https:\/\/www.radiopresidenteibanez.cl\/web\/wp-json\/wp\/v2\/tags?post=55966"}],"curies":[{"name":"wp","href":"https:\/\/api.w.org\/{rel}","templated":true}]}}