{"id":55938,"date":"2025-04-25T17:39:00","date_gmt":"2025-04-25T20:39:00","guid":{"rendered":"https:\/\/www.radiopresidenteibanez.cl\/web\/?p=55938"},"modified":"2025-04-25T11:00:44","modified_gmt":"2025-04-25T14:00:44","slug":"funcionarios-del-servicio-de-reinsercion-social-juvenil-de-magallanes-priorizaron-tareas-en-jornada-de-transferencia-tecnica","status":"publish","type":"post","link":"https:\/\/www.radiopresidenteibanez.cl\/web\/funcionarios-del-servicio-de-reinsercion-social-juvenil-de-magallanes-priorizaron-tareas-en-jornada-de-transferencia-tecnica\/","title":{"rendered":"FUNCIONARIOS DEL SERVICIO DE REINSERCI\u00d3N SOCIAL JUVENIL DE MAGALLANES PRIORIZARON TAREAS EN JORNADA DE TRANSFERENCIA T\u00c9CNICA"},"content":{"rendered":"\n<p>Desde que el Servicio de Reinserci\u00f3n Social Juvenil de Magallanes comenz\u00f3 su proceso de instalaci\u00f3n en enero pasado, el trabajo de planificaci\u00f3n del trabajo anual y la priorizaci\u00f3n de tareas no ha tenido descanso.<\/p>\n\n\n\n<p>En ese contexto, se llev\u00f3 a cabo una jornada de transferencia t\u00e9cnica en la cual participaron funcionarios y funcionarias de todo el Servicio&nbsp;y de la Corporaci\u00f3n OPCION como organismo colaborador, en la cual se abord\u00f3 el trabajo del Departamento de Sanciones y Medidas que alberga a 7 unidades, entre las que se destacan las Unidades de Coordinaci\u00f3n Judicial, Protecci\u00f3n y Derechos, Gesti\u00f3n de Casos, Supervisi\u00f3n, Gesti\u00f3n de Red, Planificaci\u00f3n y Estudios y Apoyo a la Reinserci\u00f3n.<\/p>\n\n\n\n<p>\u201cEl objetivo fue socializar con todos los funcionarios los objetivos del departamento, los principales cambios que sufri\u00f3 el organigrama institucional y la incorporaci\u00f3n de nuevas unidades y metas requeridas en el contexto de la instalaci\u00f3n del nuevo Servicio Nacional de Reinserci\u00f3n Social Juvenil, creado por la ley N\u00b021.527 que dio inicio al Servicio el 13 de enero de 2025&nbsp;en la regi\u00f3n de Magallanes\u201d, destac\u00f3 el&nbsp;<strong>jefe Regional (s) del Departamento de Medidas y Sanciones, Rodrigo Trujillo Peters.<\/strong><\/p>\n\n\n\n<p>El Servicio de Reinserci\u00f3n Social Juvenil es el primer servicio creado para potenciar la reinserci\u00f3n de adolescentes y&nbsp;j\u00f3venes en conflicto con la justicia, ello en el marco de la Ley Responsabilidad Penal Adolescente (N\u00ba 20.084) y sus modificaciones.&nbsp;<\/p>\n\n\n\n<p>\u201cActividades como esta nos permiten renovar el compromiso de cada uno de los funcionarios y funcionarias que, con su trabajo, contribuyen a que cada uno de los j\u00f3venes atendidos por nuestro Servicio abandonen la conducta delictiva, promoviendo su integraci\u00f3n en la sociedad y poniendo \u00e9nfasis en la implementaci\u00f3n de las pol\u00edticas de car\u00e1cter intersectorial en la materia\u201d, acot\u00f3&nbsp;<strong>C\u00e9sar Montiel, director regional del Servicio de Reinserci\u00f3n Social Juvenil<\/strong><strong>de Magallanes<\/strong>&nbsp;al abrir la jornada.&nbsp;<\/p>\n\n\n\n<p><strong>Principales transformaciones institucionales<\/strong><\/p>\n\n\n\n<p>En esta misma jornada, se relevaron adem\u00e1s las principales transformaciones que se est\u00e1n llevando a cabo en este nuevo Servicio, entre las que se incluye un&nbsp;<strong>nuevo modelo de financiamiento,&nbsp;<\/strong>pasando del sistema desubvenciones al de sistema de compras p\u00fablicas, que permitir\u00e1 entregar los recursos necesarios a los organismos acreditados para que cumplan sus labores con altos est\u00e1ndares de calidad. &nbsp;<\/p>\n\n\n\n<p>La misi\u00f3n del Servicio es entregar una<strong>&nbsp;atenci\u00f3n<\/strong>&nbsp;<strong>m\u00e1s especializada y personalizada<\/strong>, en donde cada joven cuente con un plan de intervenci\u00f3n individual, que de acuerdo con organismos internacionales es la estrategia m\u00e1s eficaz para la reinserci\u00f3n. Esto permitir\u00e1 adem\u00e1s aumentar la cantidad de profesionales en las regiones, para mejorar la atenci\u00f3n.&nbsp;<\/p>\n\n\n\n<p>Adicionalmente,<strong>&nbsp;se deber\u00e1 asegurar el acceso<\/strong>&nbsp;de las y los j\u00f3venes a las prestaciones que requieran para su reinserci\u00f3n, en \u00e1reas como educaci\u00f3n, capacitaciones, salud y tratamiento del consumo problem\u00e1tico de alcohol y otras drogas, entre otras \u00e1reas prioritarias.&nbsp;<\/p>\n\n\n\n<p>Una de las principales novedades de este nuevo servicio es la<strong>&nbsp;mediaci\u00f3n penal juvenil<\/strong>&nbsp;que permite que v\u00edctima y joven acuerden una forma de reparar el da\u00f1o, guiados por un mediador, transform\u00e1ndose en una oportunidad para el aprendizaje y el cambio.<\/p>\n\n\n\n<p>Y finalmente, se incluye a partir de ahora el a<strong>compa\u00f1amiento postegreso&nbsp;<\/strong>que es una nueva herramienta donde el joven en forma voluntaria puede solicitar un proceso de acompa\u00f1amiento una vez que haya cumplido su sanci\u00f3n para apoyarlo con los soportes que requiera, tales como redes en la comunidad, fuentes de ingresos o un lugar para vivir. Su duraci\u00f3n m\u00e1xima es de 6 meses, que es justamente un periodo particularmente cr\u00edtico en los procesos de reinserci\u00f3n.&nbsp;&nbsp;<\/p>\n","protected":false},"excerpt":{"rendered":"<p>Desde que el Servicio de Reinserci\u00f3n Social Juvenil de Magallanes comenz\u00f3 su proceso de instalaci\u00f3n en enero pasado, el trabajo de planificaci\u00f3n del trabajo anual y la priorizaci\u00f3n de tareas&#8230; <a class=\"read-more\" href=\"https:\/\/www.radiopresidenteibanez.cl\/web\/funcionarios-del-servicio-de-reinsercion-social-juvenil-de-magallanes-priorizaron-tareas-en-jornada-de-transferencia-tecnica\/\">Leer m\u00e1s<\/a><\/p>\n","protected":false},"author":2,"featured_media":55939,"comment_status":"closed","ping_status":"closed","sticky":false,"template":"","format":"standard","meta":{"footnotes":""},"categories":[1],"tags":[],"class_list":["post-55938","post","type-post","status-publish","format-standard","has-post-thumbnail","hentry","category-cronica"],"_links":{"self":[{"href":"https:\/\/www.radiopresidenteibanez.cl\/web\/wp-json\/wp\/v2\/posts\/55938","targetHints":{"allow":["GET"]}}],"collection":[{"href":"https:\/\/www.radiopresidenteibanez.cl\/web\/wp-json\/wp\/v2\/posts"}],"about":[{"href":"https:\/\/www.radiopresidenteibanez.cl\/web\/wp-json\/wp\/v2\/types\/post"}],"author":[{"embeddable":true,"href":"https:\/\/www.radiopresidenteibanez.cl\/web\/wp-json\/wp\/v2\/users\/2"}],"replies":[{"embeddable":true,"href":"https:\/\/www.radiopresidenteibanez.cl\/web\/wp-json\/wp\/v2\/comments?post=55938"}],"version-history":[{"count":0,"href":"https:\/\/www.radiopresidenteibanez.cl\/web\/wp-json\/wp\/v2\/posts\/55938\/revisions"}],"wp:featuredmedia":[{"embeddable":true,"href":"https:\/\/www.radiopresidenteibanez.cl\/web\/wp-json\/wp\/v2\/media\/55939"}],"wp:attachment":[{"href":"https:\/\/www.radiopresidenteibanez.cl\/web\/wp-json\/wp\/v2\/media?parent=55938"}],"wp:term":[{"taxonomy":"category","embeddable":true,"href":"https:\/\/www.radiopresidenteibanez.cl\/web\/wp-json\/wp\/v2\/categories?post=55938"},{"taxonomy":"post_tag","embeddable":true,"href":"https:\/\/www.radiopresidenteibanez.cl\/web\/wp-json\/wp\/v2\/tags?post=55938"}],"curies":[{"name":"wp","href":"https:\/\/api.w.org\/{rel}","templated":true}]}}