{"id":55929,"date":"2025-04-25T13:13:00","date_gmt":"2025-04-25T16:13:00","guid":{"rendered":"https:\/\/www.radiopresidenteibanez.cl\/web\/?p=55929"},"modified":"2025-04-25T10:17:23","modified_gmt":"2025-04-25T13:17:23","slug":"servicio-medico-legal-realizo-charla-sobre-protocolo-de-fallecidos-en-tierra-del-fuego","status":"publish","type":"post","link":"https:\/\/www.radiopresidenteibanez.cl\/web\/servicio-medico-legal-realizo-charla-sobre-protocolo-de-fallecidos-en-tierra-del-fuego\/","title":{"rendered":"Servicio Medico Legal realiz\u00f3 charla sobre protocolo de fallecidos en Tierra del Fuego"},"content":{"rendered":"\n<p>El Servicio M\u00e9dico Legal realiz\u00f3 una importante charla sobre el protocolo de manejo de<br>fallecidos en la provincia de Tierra del Fuego. Este encuentro, que busca fortalecer la<br>coordinaci\u00f3n y los procedimientos en situaciones cr\u00edticas, cont\u00f3 con la asistencia de<br>representantes de diversos organismos, entre ellos: Bomberos, Carabineros, la Armada,<br>Polic\u00eda de Investigaciones (PDI), el Ministerio P\u00fablico y el Municipio de Porvenir.<br>La actividad se desarroll\u00f3 con el objetivo de capacitar y compartir conocimientos t\u00e9cnicos<br>en un tema tan sensible, asegurando una mejor respuesta y colaboraci\u00f3n entre las<br>instituciones involucradas.<br>La actividad fue convocada por el Delegado Presidencial provincial Don Jos\u00e9 Miguel<br>Campos Prieto quien se\u00f1ala que es de gran importancia reforzar estos protocolos en la<br>provincia para aunar el trabajo en conjunto por el bienestar de la comunidad.<\/p>\n","protected":false},"excerpt":{"rendered":"<p>El Servicio M\u00e9dico Legal realiz\u00f3 una importante charla sobre el protocolo de manejo defallecidos en la provincia de Tierra del Fuego. Este encuentro, que busca fortalecer lacoordinaci\u00f3n y los procedimientos&#8230; <a class=\"read-more\" href=\"https:\/\/www.radiopresidenteibanez.cl\/web\/servicio-medico-legal-realizo-charla-sobre-protocolo-de-fallecidos-en-tierra-del-fuego\/\">Leer m\u00e1s<\/a><\/p>\n","protected":false},"author":2,"featured_media":55930,"comment_status":"closed","ping_status":"closed","sticky":false,"template":"","format":"standard","meta":{"footnotes":""},"categories":[1],"tags":[],"class_list":["post-55929","post","type-post","status-publish","format-standard","has-post-thumbnail","hentry","category-cronica"],"_links":{"self":[{"href":"https:\/\/www.radiopresidenteibanez.cl\/web\/wp-json\/wp\/v2\/posts\/55929","targetHints":{"allow":["GET"]}}],"collection":[{"href":"https:\/\/www.radiopresidenteibanez.cl\/web\/wp-json\/wp\/v2\/posts"}],"about":[{"href":"https:\/\/www.radiopresidenteibanez.cl\/web\/wp-json\/wp\/v2\/types\/post"}],"author":[{"embeddable":true,"href":"https:\/\/www.radiopresidenteibanez.cl\/web\/wp-json\/wp\/v2\/users\/2"}],"replies":[{"embeddable":true,"href":"https:\/\/www.radiopresidenteibanez.cl\/web\/wp-json\/wp\/v2\/comments?post=55929"}],"version-history":[{"count":0,"href":"https:\/\/www.radiopresidenteibanez.cl\/web\/wp-json\/wp\/v2\/posts\/55929\/revisions"}],"wp:featuredmedia":[{"embeddable":true,"href":"https:\/\/www.radiopresidenteibanez.cl\/web\/wp-json\/wp\/v2\/media\/55930"}],"wp:attachment":[{"href":"https:\/\/www.radiopresidenteibanez.cl\/web\/wp-json\/wp\/v2\/media?parent=55929"}],"wp:term":[{"taxonomy":"category","embeddable":true,"href":"https:\/\/www.radiopresidenteibanez.cl\/web\/wp-json\/wp\/v2\/categories?post=55929"},{"taxonomy":"post_tag","embeddable":true,"href":"https:\/\/www.radiopresidenteibanez.cl\/web\/wp-json\/wp\/v2\/tags?post=55929"}],"curies":[{"name":"wp","href":"https:\/\/api.w.org\/{rel}","templated":true}]}}