{"id":55926,"date":"2025-04-25T11:58:00","date_gmt":"2025-04-25T14:58:00","guid":{"rendered":"https:\/\/www.radiopresidenteibanez.cl\/web\/?p=55926"},"modified":"2025-04-25T08:37:23","modified_gmt":"2025-04-25T11:37:23","slug":"delegado-presidencial-guillermo-ruiz-da-la-bienvenida-al-nuevo-equipo-de-servicio-pais-en-ultima-esperanza","status":"publish","type":"post","link":"https:\/\/www.radiopresidenteibanez.cl\/web\/delegado-presidencial-guillermo-ruiz-da-la-bienvenida-al-nuevo-equipo-de-servicio-pais-en-ultima-esperanza\/","title":{"rendered":"DELEGADO PRESIDENCIAL GUILLERMO RUIZ DA LA BIENVENIDA AL NUEVO EQUIPO DE SERVICIO PA\u00cdS EN \u00daLTIMA ESPERANZA"},"content":{"rendered":"\n<p>Este jueves, el delegado presidencial provincial de \u00daltima Esperanza, Guillermo Ruiz Santana, recibi\u00f3 en dependencias de la Delegaci\u00f3n al nuevo equipo del programa Servicio Pa\u00eds, iniciativa de la Fundaci\u00f3n Superaci\u00f3n de la Pobreza que busca fortalecer el trabajo territorial y acompa\u00f1ar a comunidades rurales y personas mayores en distintos rincones de la provincia.<\/p>\n\n\n\n<p>El nuevo equipo que desarrollar\u00e1 sus labores en Puerto Natales y sectores apartados de la provincia est\u00e1 integrado por Nataly Reyes, kinesi\u00f3loga proveniente de la Quinta Regi\u00f3n; Paolo Parada, actor oriundo de Santiago; y Laura C\u00e1rdenas, ingeniera de Punta Arenas. Los profesionales fueron presentados por la coordinadora regional de la Fundaci\u00f3n, Carola Tapia, quien agradeci\u00f3 el permanente respaldo de la Delegaci\u00f3n Presidencial y la disposici\u00f3n para colaborar activamente en el desarrollo del territorio.<\/p>\n\n\n\n<p>\u201cDesde esta Delegaci\u00f3n valoramos profundamente el compromiso, la vocaci\u00f3n y la energ\u00eda que cada a\u00f1o entregan los equipos de Servicio Pa\u00eds. Sabemos que su trabajo tiene un impacto real en la calidad de vida de las personas, especialmente en las zonas m\u00e1s alejadas. Les deseamos el mayor de los \u00e9xitos en esta etapa, que sin duda ser\u00e1 enriquecedora tanto para el equipo como para las comunidades a las que acompa\u00f1ar\u00e1n\u201d, se\u00f1al\u00f3 el delegado Ruiz Santana.<\/p>\n\n\n\n<p>Servicio Pa\u00eds es un programa que, por m\u00e1s de dos d\u00e9cadas, ha llevado profesionales j\u00f3venes a vivir y trabajar en localidades con altos \u00edndices de vulnerabilidad, promoviendo procesos de desarrollo local sostenibles y centrados en las personas.<\/p>\n","protected":false},"excerpt":{"rendered":"<p>Este jueves, el delegado presidencial provincial de \u00daltima Esperanza, Guillermo Ruiz Santana, recibi\u00f3 en dependencias de la Delegaci\u00f3n al nuevo equipo del programa Servicio Pa\u00eds, iniciativa de la Fundaci\u00f3n Superaci\u00f3n&#8230; <a class=\"read-more\" href=\"https:\/\/www.radiopresidenteibanez.cl\/web\/delegado-presidencial-guillermo-ruiz-da-la-bienvenida-al-nuevo-equipo-de-servicio-pais-en-ultima-esperanza\/\">Leer m\u00e1s<\/a><\/p>\n","protected":false},"author":2,"featured_media":55927,"comment_status":"closed","ping_status":"closed","sticky":false,"template":"","format":"standard","meta":{"footnotes":""},"categories":[1],"tags":[],"class_list":["post-55926","post","type-post","status-publish","format-standard","has-post-thumbnail","hentry","category-cronica"],"_links":{"self":[{"href":"https:\/\/www.radiopresidenteibanez.cl\/web\/wp-json\/wp\/v2\/posts\/55926","targetHints":{"allow":["GET"]}}],"collection":[{"href":"https:\/\/www.radiopresidenteibanez.cl\/web\/wp-json\/wp\/v2\/posts"}],"about":[{"href":"https:\/\/www.radiopresidenteibanez.cl\/web\/wp-json\/wp\/v2\/types\/post"}],"author":[{"embeddable":true,"href":"https:\/\/www.radiopresidenteibanez.cl\/web\/wp-json\/wp\/v2\/users\/2"}],"replies":[{"embeddable":true,"href":"https:\/\/www.radiopresidenteibanez.cl\/web\/wp-json\/wp\/v2\/comments?post=55926"}],"version-history":[{"count":0,"href":"https:\/\/www.radiopresidenteibanez.cl\/web\/wp-json\/wp\/v2\/posts\/55926\/revisions"}],"wp:featuredmedia":[{"embeddable":true,"href":"https:\/\/www.radiopresidenteibanez.cl\/web\/wp-json\/wp\/v2\/media\/55927"}],"wp:attachment":[{"href":"https:\/\/www.radiopresidenteibanez.cl\/web\/wp-json\/wp\/v2\/media?parent=55926"}],"wp:term":[{"taxonomy":"category","embeddable":true,"href":"https:\/\/www.radiopresidenteibanez.cl\/web\/wp-json\/wp\/v2\/categories?post=55926"},{"taxonomy":"post_tag","embeddable":true,"href":"https:\/\/www.radiopresidenteibanez.cl\/web\/wp-json\/wp\/v2\/tags?post=55926"}],"curies":[{"name":"wp","href":"https:\/\/api.w.org\/{rel}","templated":true}]}}