{"id":55923,"date":"2025-04-25T10:49:00","date_gmt":"2025-04-25T13:49:00","guid":{"rendered":"https:\/\/www.radiopresidenteibanez.cl\/web\/?p=55923"},"modified":"2025-04-25T08:33:27","modified_gmt":"2025-04-25T11:33:27","slug":"sercotec-informa-en-terreno-a-emprendedores-los-alcances-del-programa-reconstruye-tu-pyme","status":"publish","type":"post","link":"https:\/\/www.radiopresidenteibanez.cl\/web\/sercotec-informa-en-terreno-a-emprendedores-los-alcances-del-programa-reconstruye-tu-pyme\/","title":{"rendered":"Sercotec informa en terreno a emprendedores los alcances del programa \u00abReconstruye tu Pyme\u00bb"},"content":{"rendered":"\n<p>Estamos con nuestros emprendedores y como son nuestro eje de acci\u00f3n, es que este jueves el Servicio de Cooperaci\u00f3n T\u00e9cnica de Magallanes realiz\u00f3 m\u00faltiples visitas en terreno a<br>diferentes negocios que, en su mayor\u00eda, resultaron beneficiados anteriormente con el Programa<br>\u00abRecuperaci\u00f3n de Fachadas\u00bb ejecutado durante el 2024 en Punta Arenas.<br>\u201cReconstruye Tu Pyme\u201d es un fondo concursable no reembolsable que tiene como objetivo brindar<br>apoyo a las micro, peque\u00f1as y medianas empresas y cooperativas que registraron da\u00f1os materiales tras los incidentes ocurridos desde octubre de 2019 y que no hayan recibido apoyo a trav\u00e9s de los programas previos implementados por Sercotec con el mismo prop\u00f3sito.<br>Otorga subsidios de $4.000.000 que se podr\u00e1n destinar para invertir en activos, habilitaci\u00f3n de<br>infraestructura, capital de trabajo, asistencia t\u00e9cnica, asesor\u00eda en gesti\u00f3n, acciones de marketing,<br>capacitaci\u00f3n y servicios esenciales para el funcionamiento del negocio.<br>La convocatoria cuenta con un presupuesto nacional de $1.000 millones para beneficiar a 225<br>empresas.<\/p>\n\n\n\n<p>En este contexto, Natasha Alarc\u00f3n, directora regional de Sercotec, al mismo tiempo en que se<br>interioriz\u00f3 en el presente de sus ventas y necesidades, coment\u00f3 a los emprendedores que se est\u00e1<br>desarrollando la importante convocatoria del Programa \u00abReconstruye tu Pyme\u00bb que se focaliza en<br>aquellas pymes que sufrieron da\u00f1os materiales en medio de incidentes ocurridos en octubre de<br>2019 y en las conmemoraciones de octubre 2020 y 2021.<br>\u00abMuchos de los emprendedores que visitamos fueron objeto de da\u00f1os considerables en sus<br>ventanales y parte importante de su infraestructura, por lo que estamos comprometidos con ellos<br>en su ayuda, considerando que muchos no han podido reparar del todo los da\u00f1os recibidos durante, principalmente, cuando se gest\u00f3 el estallido social\u00bb, coment\u00f3 la directora regional de Sercotec.<br>Pamela S\u00e1nchez, due\u00f1a del local \u201cBonjour\u201d, destac\u00f3 que \u201cfui una de las primeras personas<br>beneficiadas con el Programa Fachadas que la verdad ha sido maravilloso porque me ha ayudado<br>mucho y pude comprar persianas el\u00e9ctricas, tambi\u00e9n luminarias y c\u00e1maras de seguridad. Estoy feliz<br>con todo lo logrado y agradezco la visita realizada por la directora de informar sobre el Programa<br>Reconstruye tu Pyme porque cualquier cosa que nos ayude a nosotros los empresarios es una gran<br>ayuda realmente y hay que hacerlo, no deben dejar de postular\u201d.<\/p>\n\n\n\n<p>Mientras que Bernardita C\u00e1rcamo, propietaria del local Vercoban, se\u00f1al\u00f3 que \u201cvaloro el hecho de<br>que la directora informe sobre los fondos que permiten ayudar a nosotros los emprendedores, me<br>pregunt\u00f3 c\u00f3mo he estado con las ventas y sobre alguna otra necesidad que pudiese tener para<br>mejorar y potenciar mi negocio\u201d.<\/p>\n\n\n\n<p>Requisitos bases<br>Recordar que a \u201cReconstruye tu Pyme\u201d pueden postular personas naturales y\/o jur\u00eddicas que tengan inicio de actividades en primera categor\u00eda ante el Servicio de Impuestos Internos (SII) previo al mes de octubre de 2019 y que est\u00e9n vigentes a la fecha de inicio de esta convocatoria.<br>Las empresas y cooperativas deber\u00e1n acreditar da\u00f1os f\u00edsicos a trav\u00e9s de informes y\/o certificaciones de instituciones como Bomberos, Ej\u00e9rcito, Armada, Carabineros, Polic\u00eda de Investigaciones, compa\u00f1\u00edas de seguros, municipalidades, gobiernos regionales o gobernaciones (actual delegaci\u00f3n provincial), Oficina Nacional de Emergencias (actual Senapred), bancos o instituciones financieras o gobernaciones mar\u00edtimas. Tambi\u00e9n se podr\u00e1 considerar como verificador de da\u00f1os las publicaciones en prensa o redes sociales fechadas donde se indique el nombre de la calle, foto del local comercial, o cualquier informaci\u00f3n que compruebe que la empresa registr\u00f3 da\u00f1os f\u00edsicos.<br>Entre los requisitos, adem\u00e1s se considera que las empresas deban tener ventas netas anuales<br>menores o iguales a 100.000 UF, y en el caso de las cooperativas sus ventas promedio por asociado no pueden superar dicho monto. Los postulantes tampoco pueden tener deudas laborales o previsionales ni multas impagas; no haber sido condenado por pr\u00e1cticas antisindicales y\/o por infracci\u00f3n a los derechos fundamentales del trabajador; y, en el caso de ser persona natural, no tener inscripci\u00f3n vigente en el Registro Nacional de Deudores de Pensiones de Alimentos. Tambi\u00e9n existen restricciones por rendiciones pendientes, sanciones vigentes e inscripciones correspondientes, que se detallan en las bases de postulaci\u00f3n.<br>Adem\u00e1s, para acceder al programa se requiere no haber sido beneficiario o beneficiaria de las<br>diferentes iniciativas de recuperaci\u00f3n que se han impulsado para la reactivaci\u00f3n de las empresas<br>que sufrieron da\u00f1os a partir del 2019.<br>Punto Mipe para dudas y consultas<br>Si tienes dudas o necesitas apoyo durante el proceso, comun\u00edcate con el Punto Mipe cuya direcci\u00f3n es Roca 817, piso 2, of.24 (oficina de Sercotec).<br>Los horarios de atenci\u00f3n son de lunes a jueves de 8:30 a 13:00 horas \/ 14:30 a 18:30 horas y los<br>viernes de 08:30 a 16:00 horas. Los tel\u00e9fonos de contacto son: 232425404 \/ 232425403.<\/p>\n","protected":false},"excerpt":{"rendered":"<p>Estamos con nuestros emprendedores y como son nuestro eje de acci\u00f3n, es que este jueves el Servicio de Cooperaci\u00f3n T\u00e9cnica de Magallanes realiz\u00f3 m\u00faltiples visitas en terreno adiferentes negocios que,&#8230; <a class=\"read-more\" href=\"https:\/\/www.radiopresidenteibanez.cl\/web\/sercotec-informa-en-terreno-a-emprendedores-los-alcances-del-programa-reconstruye-tu-pyme\/\">Leer m\u00e1s<\/a><\/p>\n","protected":false},"author":2,"featured_media":55924,"comment_status":"closed","ping_status":"closed","sticky":false,"template":"","format":"standard","meta":{"footnotes":""},"categories":[1],"tags":[],"class_list":["post-55923","post","type-post","status-publish","format-standard","has-post-thumbnail","hentry","category-cronica"],"_links":{"self":[{"href":"https:\/\/www.radiopresidenteibanez.cl\/web\/wp-json\/wp\/v2\/posts\/55923","targetHints":{"allow":["GET"]}}],"collection":[{"href":"https:\/\/www.radiopresidenteibanez.cl\/web\/wp-json\/wp\/v2\/posts"}],"about":[{"href":"https:\/\/www.radiopresidenteibanez.cl\/web\/wp-json\/wp\/v2\/types\/post"}],"author":[{"embeddable":true,"href":"https:\/\/www.radiopresidenteibanez.cl\/web\/wp-json\/wp\/v2\/users\/2"}],"replies":[{"embeddable":true,"href":"https:\/\/www.radiopresidenteibanez.cl\/web\/wp-json\/wp\/v2\/comments?post=55923"}],"version-history":[{"count":0,"href":"https:\/\/www.radiopresidenteibanez.cl\/web\/wp-json\/wp\/v2\/posts\/55923\/revisions"}],"wp:featuredmedia":[{"embeddable":true,"href":"https:\/\/www.radiopresidenteibanez.cl\/web\/wp-json\/wp\/v2\/media\/55924"}],"wp:attachment":[{"href":"https:\/\/www.radiopresidenteibanez.cl\/web\/wp-json\/wp\/v2\/media?parent=55923"}],"wp:term":[{"taxonomy":"category","embeddable":true,"href":"https:\/\/www.radiopresidenteibanez.cl\/web\/wp-json\/wp\/v2\/categories?post=55923"},{"taxonomy":"post_tag","embeddable":true,"href":"https:\/\/www.radiopresidenteibanez.cl\/web\/wp-json\/wp\/v2\/tags?post=55923"}],"curies":[{"name":"wp","href":"https:\/\/api.w.org\/{rel}","templated":true}]}}