{"id":55920,"date":"2025-04-25T09:27:00","date_gmt":"2025-04-25T12:27:00","guid":{"rendered":"https:\/\/www.radiopresidenteibanez.cl\/web\/?p=55920"},"modified":"2025-04-25T08:25:45","modified_gmt":"2025-04-25T11:25:45","slug":"llega-el-1-encuentro-de-innovacion-horticola-un-espacio-para-cultivar-futuro","status":"publish","type":"post","link":"https:\/\/www.radiopresidenteibanez.cl\/web\/llega-el-1-encuentro-de-innovacion-horticola-un-espacio-para-cultivar-futuro\/","title":{"rendered":"Llega el 1\u00b0 Encuentro de Innovaci\u00f3n Hort\u00edcola: Un espacio para cultivar futuro"},"content":{"rendered":"\n<p>Quedan pocos d\u00edas para el 1\u00b0 Encuentro de Innovaci\u00f3n Hort\u00edcola, un evento que marcar\u00e1 un antes y un despu\u00e9s en el desarrollo del sector. Este encuentro ser\u00e1 mucho m\u00e1s que una muestra de avances tecnol\u00f3gicos y pr\u00e1cticas sustentables: ser\u00e1 una oportunidad \u00fanica para el networking y la concreci\u00f3n de negocios.<\/p>\n\n\n\n<p>Este encuentro se presenta como un espacio estrat\u00e9gico para el intercambio de conocimientos, el fortalecimiento de v\u00ednculos y la generaci\u00f3n de nuevas oportunidades de negocio. Contar\u00e1 con la participaci\u00f3n de productores consolidados, nuevos emprendedores, t\u00e9cnicos, investigadores, instituciones y empresas vinculadas a la actividad hort\u00edcola.<\/p>\n\n\n\n<p><strong>\u00bfPor qu\u00e9 participar?<\/strong><br>Porque reunir\u00e1 a productores consolidados, nuevos emprendedores, investigadores y actores clave de toda la cadena hort\u00edcola en un solo lugar.<\/p>\n\n\n\n<p>Uno de los ejes centrales del evento ser\u00e1 la cl\u00ednica de negocios y el espacio de networking, concebidos especialmente para facilitar el contacto directo entre actores del sector, fomentar alianzas estrat\u00e9gicas y potenciar el desarrollo de nuevos proyectos.<\/p>\n\n\n\n<ul class=\"wp-block-list\">\n<li>Espacios de intercambio con referentes del sector<\/li>\n\n\n\n<li>Cl\u00ednica de negocios para potenciar v\u00ednculos comerciales<\/li>\n\n\n\n<li>Muestras de innovaci\u00f3n tecnol\u00f3gica aplicada<\/li>\n\n\n\n<li>Talleres y charlas para inspirar y capacitar<\/li>\n<\/ul>\n\n\n\n<p>Un evento pensado para quienes quieren crecer, conectar y transformar el futuro hort\u00edcola en la regi\u00f3n con una mirada innovadora y colaborativa.<\/p>\n\n\n\n<p>El encuentro se enmarca en el Programa Territorial Integrado (PTI) Agroalimentos de Corfo y busca posicionarse como una instancia clave para impulsar la innovaci\u00f3n, el desarrollo sostenible y la colaboraci\u00f3n en el sector hort\u00edcola local.&nbsp;Es gratuito y est\u00e1 dirigido a todos los actores del sector hort\u00edcola regional&nbsp;y&nbsp;se realizar\u00e1 el pr\u00f3ximo 29 de abril a las 9:00 horas en el Centro de Eventos El Arriero, ubicado en Manantiales #759, Punta Arenas.<\/p>\n","protected":false},"excerpt":{"rendered":"<p>Quedan pocos d\u00edas para el 1\u00b0 Encuentro de Innovaci\u00f3n Hort\u00edcola, un evento que marcar\u00e1 un antes y un despu\u00e9s en el desarrollo del sector. Este encuentro ser\u00e1 mucho m\u00e1s que&#8230; <a class=\"read-more\" href=\"https:\/\/www.radiopresidenteibanez.cl\/web\/llega-el-1-encuentro-de-innovacion-horticola-un-espacio-para-cultivar-futuro\/\">Leer m\u00e1s<\/a><\/p>\n","protected":false},"author":2,"featured_media":55921,"comment_status":"closed","ping_status":"closed","sticky":false,"template":"","format":"standard","meta":{"footnotes":""},"categories":[1],"tags":[],"class_list":["post-55920","post","type-post","status-publish","format-standard","has-post-thumbnail","hentry","category-cronica"],"_links":{"self":[{"href":"https:\/\/www.radiopresidenteibanez.cl\/web\/wp-json\/wp\/v2\/posts\/55920","targetHints":{"allow":["GET"]}}],"collection":[{"href":"https:\/\/www.radiopresidenteibanez.cl\/web\/wp-json\/wp\/v2\/posts"}],"about":[{"href":"https:\/\/www.radiopresidenteibanez.cl\/web\/wp-json\/wp\/v2\/types\/post"}],"author":[{"embeddable":true,"href":"https:\/\/www.radiopresidenteibanez.cl\/web\/wp-json\/wp\/v2\/users\/2"}],"replies":[{"embeddable":true,"href":"https:\/\/www.radiopresidenteibanez.cl\/web\/wp-json\/wp\/v2\/comments?post=55920"}],"version-history":[{"count":0,"href":"https:\/\/www.radiopresidenteibanez.cl\/web\/wp-json\/wp\/v2\/posts\/55920\/revisions"}],"wp:featuredmedia":[{"embeddable":true,"href":"https:\/\/www.radiopresidenteibanez.cl\/web\/wp-json\/wp\/v2\/media\/55921"}],"wp:attachment":[{"href":"https:\/\/www.radiopresidenteibanez.cl\/web\/wp-json\/wp\/v2\/media?parent=55920"}],"wp:term":[{"taxonomy":"category","embeddable":true,"href":"https:\/\/www.radiopresidenteibanez.cl\/web\/wp-json\/wp\/v2\/categories?post=55920"},{"taxonomy":"post_tag","embeddable":true,"href":"https:\/\/www.radiopresidenteibanez.cl\/web\/wp-json\/wp\/v2\/tags?post=55920"}],"curies":[{"name":"wp","href":"https:\/\/api.w.org\/{rel}","templated":true}]}}