{"id":55917,"date":"2025-04-25T08:17:00","date_gmt":"2025-04-25T11:17:00","guid":{"rendered":"https:\/\/www.radiopresidenteibanez.cl\/web\/?p=55917"},"modified":"2025-04-25T08:01:59","modified_gmt":"2025-04-25T11:01:59","slug":"sag-y-carabineros-de-ultima-esperanza-investigan-presunta-caza-ilegal-de-puma-en-sector-lago-sarmiento","status":"publish","type":"post","link":"https:\/\/www.radiopresidenteibanez.cl\/web\/sag-y-carabineros-de-ultima-esperanza-investigan-presunta-caza-ilegal-de-puma-en-sector-lago-sarmiento\/","title":{"rendered":"SAG y Carabineros de \u00daltima Esperanza investigan presunta caza ilegal de puma en sector Lago Sarmiento"},"content":{"rendered":"\n<p>Durante la jornada de hoy, funcionarios del Servicio Agr\u00edcola y Ganadero de \u00daltima Esperanza, en coordinaci\u00f3n con Carabineros de la provincia, acudieron hasta el sector de Lago Sarmiento, en la comuna de Torres del Paine, dando respuesta a una denuncia recibida de un particular, que daba cuenta de la muerte de un ejemplar de puma por razones que a\u00fan se investigan.<\/p>\n\n\n\n<p>De acuerdo a informaciones preliminares, se tratar\u00eda de un ejemplar juvenil que habr\u00eda sido encontrado en las inmediaciones del Parque Nacional Torres del Paine, raz\u00f3n por la que las diligencias tambi\u00e9n consideraron la participaci\u00f3n de representantes de la Corporaci\u00f3n Nacional Forestal.<\/p>\n\n\n\n<p>Paula Quiero Le\u00f3n, directora regional de SAG Magallanes, se\u00f1al\u00f3 que \u201cse trata de una especie protegida por la Ley de Caza, que cumple un rol fundamental para el equilibrio del ecosistema, tanto al interior de las \u00e1reas silvestres protegidas como en el \u00e1rea agropecuaria, por lo que el llamado es a respetar la normativa vigente, conservar su h\u00e1bitat y a denunciar la acci\u00f3n de cazadores furtivos\u201d.<\/p>\n\n\n\n<p>Para mayor informaci\u00f3n sobre la Ley de Caza u otras materias de competencia SAG, escr\u00edbanos a&nbsp;<a href=\"mailto:contacto.magallanes@sag.gob.cl\" target=\"_blank\" rel=\"noreferrer noopener\">contacto.magallanes@sag.gob.cl<\/a><\/p>\n","protected":false},"excerpt":{"rendered":"<p>Durante la jornada de hoy, funcionarios del Servicio Agr\u00edcola y Ganadero de \u00daltima Esperanza, en coordinaci\u00f3n con Carabineros de la provincia, acudieron hasta el sector de Lago Sarmiento, en la&#8230; <a class=\"read-more\" href=\"https:\/\/www.radiopresidenteibanez.cl\/web\/sag-y-carabineros-de-ultima-esperanza-investigan-presunta-caza-ilegal-de-puma-en-sector-lago-sarmiento\/\">Leer m\u00e1s<\/a><\/p>\n","protected":false},"author":2,"featured_media":55918,"comment_status":"closed","ping_status":"closed","sticky":false,"template":"","format":"standard","meta":{"footnotes":""},"categories":[1],"tags":[],"class_list":["post-55917","post","type-post","status-publish","format-standard","has-post-thumbnail","hentry","category-cronica"],"_links":{"self":[{"href":"https:\/\/www.radiopresidenteibanez.cl\/web\/wp-json\/wp\/v2\/posts\/55917","targetHints":{"allow":["GET"]}}],"collection":[{"href":"https:\/\/www.radiopresidenteibanez.cl\/web\/wp-json\/wp\/v2\/posts"}],"about":[{"href":"https:\/\/www.radiopresidenteibanez.cl\/web\/wp-json\/wp\/v2\/types\/post"}],"author":[{"embeddable":true,"href":"https:\/\/www.radiopresidenteibanez.cl\/web\/wp-json\/wp\/v2\/users\/2"}],"replies":[{"embeddable":true,"href":"https:\/\/www.radiopresidenteibanez.cl\/web\/wp-json\/wp\/v2\/comments?post=55917"}],"version-history":[{"count":0,"href":"https:\/\/www.radiopresidenteibanez.cl\/web\/wp-json\/wp\/v2\/posts\/55917\/revisions"}],"wp:featuredmedia":[{"embeddable":true,"href":"https:\/\/www.radiopresidenteibanez.cl\/web\/wp-json\/wp\/v2\/media\/55918"}],"wp:attachment":[{"href":"https:\/\/www.radiopresidenteibanez.cl\/web\/wp-json\/wp\/v2\/media?parent=55917"}],"wp:term":[{"taxonomy":"category","embeddable":true,"href":"https:\/\/www.radiopresidenteibanez.cl\/web\/wp-json\/wp\/v2\/categories?post=55917"},{"taxonomy":"post_tag","embeddable":true,"href":"https:\/\/www.radiopresidenteibanez.cl\/web\/wp-json\/wp\/v2\/tags?post=55917"}],"curies":[{"name":"wp","href":"https:\/\/api.w.org\/{rel}","templated":true}]}}