{"id":5587,"date":"2019-07-07T04:48:08","date_gmt":"2019-07-07T04:48:08","guid":{"rendered":"http:\/\/www.radiopresidenteibanez.cl\/web\/?p=5587"},"modified":"2019-07-07T04:48:39","modified_gmt":"2019-07-07T04:48:39","slug":"tras-gestiones-de-sandra-amar-y-fernando-paredes-tres-aerolineas-tendran-vuelos-directos-desde-santiago-a-puerto-natales","status":"publish","type":"post","link":"https:\/\/www.radiopresidenteibanez.cl\/web\/tras-gestiones-de-sandra-amar-y-fernando-paredes-tres-aerolineas-tendran-vuelos-directos-desde-santiago-a-puerto-natales\/","title":{"rendered":"TRAS GESTIONES DE SANDRA AMAR Y FERNANDO PAREDES, TRES AEROL\u00cdNEAS TENDR\u00c1N VUELOS DIRECTOS DESDE SANTIAGO A PUERTO NATALES"},"content":{"rendered":"\n<p>Hace casi un a\u00f1o la diputa de Magallanes, Sandra Amar se reuni\u00f3 con representantes del sector tur\u00edstico de Puerto Natales quienes en dicha instancia manifestaron la necesidad de reactivar las frecuencias desde Santiago hacia Puerto Natales.Luego de las gestiones realizadas en conjunto con el alcalde de Puerto Natales, Fernando Paredes, esta solicitud se vio materializada hoy, viernes 5 de julio, luego de una reuni\u00f3n sostenida con la Subsecretaria de Turismo, M\u00f3nica Zalaquett, el Subsecretario de Obras P\u00fablicas, Lucas Palacios, y representantes de las aerol\u00edneas Jetsmart y Sky, en donde se anunciaron al menos seis nuevas frecuencias directas hacia Puerto Natales semanalmente.\u201cAgradezco la disposici\u00f3n y la voluntad pol\u00edtica de los subsecretarios para enfrentar una demanda ciudadana que surge para potenciar el desarrollo tur\u00edstico de Puerto Natales y responder a las demandas sociales de los habitantes de \u00daltima Esperanza. Estamos muy contentos con las gestiones realizadas porque con esto integramos a la comunidad natalina al resto del pa\u00eds\u201d, se\u00f1al\u00f3 la diputada Amar.Por su parte, la Subsecretaria de Turismo, M\u00f3nica Zalaquett afirm\u00f3 que \u201clo que se consolida hoy responde al compromiso de las autoridades locales, la diputada Amar y el alcalde Paredes, y tambi\u00e9n del mundo privado. Se logr\u00f3 concretar un trabajo colaborativo entendiendo que el desarrollo de Puerto Natales y de Torres del Paine es el desarrollo de toda la regi\u00f3n y de Chile\u201d.\u201cEsta reuni\u00f3n concluye un proceso iniciado hace m\u00e1s de un a\u00f1o que pretende generar condiciones para que m\u00e1s vuelos comerciales lleguen a Puerto Natales y para que se generen tambi\u00e9n m\u00e1s inversiones por parte del sector Privado\u201d, afirm\u00f3 Lucas Palacios, subsecretario de Obras P\u00fablicas. Y agreg\u00f3 que \u201ccon esto se generan nuevos puestos de trabajo, mayor desarrollo y m\u00e1s oportunidades para las familias de nuestro pa\u00eds\u201d.A su vez, el alcalde de Puerto Natales, Fernando Paredes agradeci\u00f3 la inversi\u00f3n realizada en el aeropuerto por el Ministerio de Obras P\u00fablicas, monto que asciende a m\u00e1s de 12 mil millones de pesos y se\u00f1al\u00f3 que \u201ceste es un hito que rompe la sensaci\u00f3n de aislamiento de la comunidad natalina y que tambi\u00e9n sirve como palanca de desarrollo para una actividad tan importante como es el turismo\u201d. El alcalde agradeci\u00f3 tambi\u00e9n la inversi\u00f3n privada ya que a su juicio \u201ceste desarrollo lo hacemos todos\u201dSe espera que los primeros vuelos comiencen a operar en diciembre de este a\u00f1o, y seg\u00fan estimaciones de la Subsecretar\u00eda de Turismo y Sernatur, la adhesi\u00f3n de las frecuencias de Sky y Jetsmart, permitir\u00e1 la llegada de 15 mil turistas adicionales a Puerto Natales.<\/p>\n","protected":false},"excerpt":{"rendered":"<p>Hace casi un a\u00f1o la diputa de Magallanes, Sandra Amar se reuni\u00f3 con representantes del sector tur\u00edstico de Puerto Natales quienes en dicha instancia manifestaron la necesidad de reactivar las&#8230; <a class=\"read-more\" href=\"https:\/\/www.radiopresidenteibanez.cl\/web\/tras-gestiones-de-sandra-amar-y-fernando-paredes-tres-aerolineas-tendran-vuelos-directos-desde-santiago-a-puerto-natales\/\">Leer m\u00e1s<\/a><\/p>\n","protected":false},"author":2,"featured_media":5578,"comment_status":"closed","ping_status":"closed","sticky":false,"template":"","format":"standard","meta":{"footnotes":""},"categories":[1],"tags":[],"class_list":["post-5587","post","type-post","status-publish","format-standard","has-post-thumbnail","hentry","category-cronica"],"_links":{"self":[{"href":"https:\/\/www.radiopresidenteibanez.cl\/web\/wp-json\/wp\/v2\/posts\/5587","targetHints":{"allow":["GET"]}}],"collection":[{"href":"https:\/\/www.radiopresidenteibanez.cl\/web\/wp-json\/wp\/v2\/posts"}],"about":[{"href":"https:\/\/www.radiopresidenteibanez.cl\/web\/wp-json\/wp\/v2\/types\/post"}],"author":[{"embeddable":true,"href":"https:\/\/www.radiopresidenteibanez.cl\/web\/wp-json\/wp\/v2\/users\/2"}],"replies":[{"embeddable":true,"href":"https:\/\/www.radiopresidenteibanez.cl\/web\/wp-json\/wp\/v2\/comments?post=5587"}],"version-history":[{"count":0,"href":"https:\/\/www.radiopresidenteibanez.cl\/web\/wp-json\/wp\/v2\/posts\/5587\/revisions"}],"wp:featuredmedia":[{"embeddable":true,"href":"https:\/\/www.radiopresidenteibanez.cl\/web\/wp-json\/wp\/v2\/media\/5578"}],"wp:attachment":[{"href":"https:\/\/www.radiopresidenteibanez.cl\/web\/wp-json\/wp\/v2\/media?parent=5587"}],"wp:term":[{"taxonomy":"category","embeddable":true,"href":"https:\/\/www.radiopresidenteibanez.cl\/web\/wp-json\/wp\/v2\/categories?post=5587"},{"taxonomy":"post_tag","embeddable":true,"href":"https:\/\/www.radiopresidenteibanez.cl\/web\/wp-json\/wp\/v2\/tags?post=5587"}],"curies":[{"name":"wp","href":"https:\/\/api.w.org\/{rel}","templated":true}]}}