{"id":55858,"date":"2025-04-22T19:22:46","date_gmt":"2025-04-22T22:22:46","guid":{"rendered":"https:\/\/www.radiopresidenteibanez.cl\/web\/?p=55858"},"modified":"2025-04-22T19:22:51","modified_gmt":"2025-04-22T22:22:51","slug":"servinaut-informa-pronostico-regional-maritimo-106","status":"publish","type":"post","link":"https:\/\/www.radiopresidenteibanez.cl\/web\/servinaut-informa-pronostico-regional-maritimo-106\/","title":{"rendered":"SERVINAUT INFORMA: PRON\u00d3STICO REGIONAL MAR\u00cdTIMO"},"content":{"rendered":"\n<p>V\u00e1lido hasta 20:00 horas del mi\u00e9rcoles 23 de abril de 2025.<\/p>\n\n\n\n<p><a href=\"https:\/\/www.latercera.com\/autor\/oscar-guillermo-garreton\"><br><br><\/a><\/p>\n\n\n\n<p><\/p>\n\n\n\n<p><strong>ZONA SIETE (FARO SAN PEDRO A FARO EVANGELISTAS):<\/strong><\/p>\n\n\n\n<p>SITUACI\u00d3N SIN\u00d3PTICA: PREFRONTAL A FRONTAL.<\/p>\n\n\n\n<p>PRON\u00d3STICO: CUBIERTO, VIS 8\/4 KM LLUVIA, VTO N\/NE 25\/30 NDS RACHAS 50 NDS AUMENTANDO AL SUR DE LATITUD 50 GDS SUR N\/NE 40\/45 NDS (TEMPORAL) RACHAS 70 NDS, MAR ARBOLADA (6.0\/8.0 MT) COMO MAR DE FONDO DEL SW\/W ROLANDO AL W\/NW.<\/p>\n\n\n\n<p><strong>ZONA OCHO (F.EVANGELISTAS A LAT 60 GDS SUR<\/strong>):<\/p>\n\n\n\n<p>SITUACI\u00d3N SINOPTICA: FRONTAL.<\/p>\n\n\n\n<p>PRON\u00d3STICO: (FARO EVANGELISTAS A LATITUD 56 GDS SUR): CUBIERTO, VIS 6\/2 KM LLUVIA, VTO N\/NW 40\/50 NDS (TEMPORAL) RACHAS 70 NDS DISMINUYENDO AL ESTE DEL SECTOR (CABO DE HORNOS) NW\/N 15\/20 NDS RACHAS 30 NDS, MAR ARBOLADA (6.0\/8.0 MT) DISMINUYENDO AL ESTE DEL SECTOR MAREJADA (2.0\/2.5 MT) COMO MAR DE FONDO DEL W\/NW.<\/p>\n\n\n\n<p>(LATITUD 56 GDS SUR A LATITUD 60 GDS SUR): CUBIERTO, VIS 4\/6 KM LLUVIA, VTO N\/NE 20\/25 NDS RACHAS 40 NDS, MAR MUY GRUESA A ARBOLADA (5.0\/7.0 MT) COMO MAR DE FONDO DEL W\/NW.<\/p>\n\n\n\n<p><strong>ESTRECHO NELSON:<\/strong><\/p>\n\n\n\n<p>CUBIERTO, VIS 6\/4 KM LLUVIA, VTO NW\/N 35\/40 NDS RACHAS 55 NDS, MAR MUY GRUESA (4.0\/5.0 MT) COMO MAR DE FONDO DEL SW\/W.<\/p>\n\n\n\n<p><strong>PUERTO NATALES:<\/strong><\/p>\n\n\n\n<p>NUBLADO, VIS 10 KM, VTO NW\/N 2\/6 NDS VARIANDO A CALMA, MAR LLANA EN BAH\u00cdA.<\/p>\n\n\n\n<p>TEMPERATURA M\u00c1XIMA PROBABLE : 13.0 \u00b0C.<\/p>\n\n\n\n<p><strong>PASO TAMAR<\/strong>:<\/p>\n\n\n\n<p>CUBIERTO, VIS 6\/8 KM LLUVIA, VTO NW\/N 25\/30 NDS RACHAS 50 NDS, MAR GRUESA (2.5\/3.5 MT).<\/p>\n\n\n\n<p><strong>FARO F\u00c9LIX A CABO FROWARD:<\/strong><\/p>\n\n\n\n<p>CUBIERTO, VIS 6\/10 KM LLUVIA\/CHUBASCOS, VTO NORESTE 15\/20 NDS, MAR MAREJADILLA A MAREJADA (1.0\/2.0 MT).<\/p>\n\n\n\n<p><strong>CABO FROWARD A PUNTA DELGADA:<\/strong><\/p>\n\n\n\n<p>NUBLADO, VIS 10 KM, VTO NW\/N OCASIONAL N\/NE 10\/15 NDS AUMENTANDO 15\/20 NDS RACHAS 35 NDS, MAR MAREJADILLA A MAREJADA (1.0\/1.5 MT).<\/p>\n\n\n\n<p><strong>PUNTA ARENAS:<\/strong><\/p>\n\n\n\n<p>PARCIAL A CUBIERTO, VIS 10\/8 KM LLOVIZNA, VTO NW\/N 5\/10 NDS AUMENTANDO PM 10\/15 NDS RACHAS 25 NDS, MAR RIZADA A MAREJADILLA EN BAH\u00cdA CON ROMPIENTE EN BORDE COSTERO SECTOR NORTE (BARRANCO AMARILLO\/TRES PUENTES) Y LLANA A RIZADA EN BAH\u00cdA SECTOR SUR (MUELLE PRAT\/MUELLE MENOR).<\/p>\n\n\n\n<p>TEMPERATURA M\u00c1XIMA PROBABLE : 12.0 \u00b0C.<\/p>\n\n\n\n<p>INDICE DE RADIACION ULTRAVIOLETA : 2 BAJO (FUENTE USACH).<\/p>\n\n\n\n<p><strong>PUNTA DELGADA A PUNTA DUNGENESS:<\/strong><\/p>\n\n\n\n<p>NUBLADO A CUBIERTO, VIS 10 KM, VTO N\/NW 10\/15 NDS AUMENTANDO N\/NE 20\/25 NDS RACHAS 35 NDS, MAR MAREJADA (1.5\/2.5 MT).<\/p>\n\n\n\n<p><strong>CANAL BRECKNOCK:<\/strong><\/p>\n\n\n\n<p>CUBIERTO, VIS 6\/8 KM LLUVIA, VTO N\/NE 20\/25 NDS RACHAS 40 NDS, MAR GRUESA (3.0\/4.0 MT) COMO MAR DE FONDO DEL WESTE.<\/p>\n\n\n\n<p><strong>TIMBALES A PUERTO NAVARINO:<\/strong><\/p>\n\n\n\n<p>CUBIERTO, VIS 8\/10 KM CHUBASCOS, VTO N\/NE 5\/10 NDS AUMENTANDO 10\/15 NDS RACHAS 25 NDS, MAR RIZADA A MAREJADILLA (0.2\/0.8 MT).<\/p>\n\n\n\n<p><strong>PUERTO NAVARINO A ISLA NUEVA:<\/strong><\/p>\n\n\n\n<p>CUBIERTO, VIS 10 KM CHUBASCOS, VTO N\/NE 5\/10 NDS AUMENTANDO PM 15\/20 NDS RACHAS 30 NDS, MAR MAREJADILLA A MAREJADA (0.5\/1.5 MT).<\/p>\n\n\n\n<p><strong>PUERTO WILLIAMS:<\/strong><\/p>\n\n\n\n<p>NUBLADO A CUBIERTO, VIS 10 KM, VTO CALMA A N\/NW 5\/10 NDS RACHAS 25 NDS, MAR LLANA EN BAH\u00cdA.<\/p>\n\n\n\n<p>TEMPERATURA M\u00c1XIMA PROBABLE : 8.0 \u00b0C.<\/p>\n\n\n\n<p><strong>BAH\u00cdA NASSAU A CABO DE HORNOS:<\/strong><\/p>\n\n\n\n<p>CUBIERTO, VIS 10 KM CHUBASCOS, VTO N\/NE 10\/15 NDS AUMENTANDO 15\/20 NDS RACHAS 40 NDS, MAR MAREJADILLA A MAREJADA (1.0\/2.0 MT).<\/p>\n\n\n\n<p><strong>CABO DE HORNOS:<\/strong><\/p>\n\n\n\n<p><a><\/a><a><\/a><a><\/a><a>CUBIERTO OCASIONAL NUBLADO, VIS 8\/10 KM CHUBASCOS, VTO W\/NW ROLANDO AL N\/NE 20\/25 NDS RACHAS 30 NDS, MAR MAREJADA A GRUESA (2.0\/3.0 MT).<\/a><\/p>\n\n\n\n<p><strong><em>INFORMACI\u00d3N ELABORADA POR EL CENTRO METEOROL\u00d3GICO MAR\u00cdTIMO DE MAGALLANES<\/em><\/strong><\/p>\n","protected":false},"excerpt":{"rendered":"<p>V\u00e1lido hasta 20:00 horas del mi\u00e9rcoles 23 de abril de 2025. ZONA SIETE (FARO SAN PEDRO A FARO EVANGELISTAS): SITUACI\u00d3N SIN\u00d3PTICA: PREFRONTAL A FRONTAL. PRON\u00d3STICO: CUBIERTO, VIS 8\/4 KM LLUVIA,&#8230; <a class=\"read-more\" href=\"https:\/\/www.radiopresidenteibanez.cl\/web\/servinaut-informa-pronostico-regional-maritimo-106\/\">Leer m\u00e1s<\/a><\/p>\n","protected":false},"author":2,"featured_media":55694,"comment_status":"closed","ping_status":"closed","sticky":false,"template":"","format":"standard","meta":{"footnotes":""},"categories":[1],"tags":[],"class_list":["post-55858","post","type-post","status-publish","format-standard","has-post-thumbnail","hentry","category-cronica"],"_links":{"self":[{"href":"https:\/\/www.radiopresidenteibanez.cl\/web\/wp-json\/wp\/v2\/posts\/55858","targetHints":{"allow":["GET"]}}],"collection":[{"href":"https:\/\/www.radiopresidenteibanez.cl\/web\/wp-json\/wp\/v2\/posts"}],"about":[{"href":"https:\/\/www.radiopresidenteibanez.cl\/web\/wp-json\/wp\/v2\/types\/post"}],"author":[{"embeddable":true,"href":"https:\/\/www.radiopresidenteibanez.cl\/web\/wp-json\/wp\/v2\/users\/2"}],"replies":[{"embeddable":true,"href":"https:\/\/www.radiopresidenteibanez.cl\/web\/wp-json\/wp\/v2\/comments?post=55858"}],"version-history":[{"count":0,"href":"https:\/\/www.radiopresidenteibanez.cl\/web\/wp-json\/wp\/v2\/posts\/55858\/revisions"}],"wp:featuredmedia":[{"embeddable":true,"href":"https:\/\/www.radiopresidenteibanez.cl\/web\/wp-json\/wp\/v2\/media\/55694"}],"wp:attachment":[{"href":"https:\/\/www.radiopresidenteibanez.cl\/web\/wp-json\/wp\/v2\/media?parent=55858"}],"wp:term":[{"taxonomy":"category","embeddable":true,"href":"https:\/\/www.radiopresidenteibanez.cl\/web\/wp-json\/wp\/v2\/categories?post=55858"},{"taxonomy":"post_tag","embeddable":true,"href":"https:\/\/www.radiopresidenteibanez.cl\/web\/wp-json\/wp\/v2\/tags?post=55858"}],"curies":[{"name":"wp","href":"https:\/\/api.w.org\/{rel}","templated":true}]}}