{"id":55831,"date":"2025-04-22T08:15:38","date_gmt":"2025-04-22T11:15:38","guid":{"rendered":"https:\/\/www.radiopresidenteibanez.cl\/web\/?p=55831"},"modified":"2025-04-22T08:15:42","modified_gmt":"2025-04-22T11:15:42","slug":"consejo-regional-respalda-concesion-para-centro-de-entrenamiento-de-bomberos-en-puerto-williams","status":"publish","type":"post","link":"https:\/\/www.radiopresidenteibanez.cl\/web\/consejo-regional-respalda-concesion-para-centro-de-entrenamiento-de-bomberos-en-puerto-williams\/","title":{"rendered":"CONSEJO REGIONAL RESPALDA CONCESI\u00d3N PARA CENTRO DE ENTRENAMIENTO DE BOMBEROS EN \u00a0PUERTO WILLIAMS\u00a0"},"content":{"rendered":"\n<p>Durante el pleno de esta tarde, el Consejo aprob\u00f3 mejorar la infraestructura urbana en Punta Arenas y fortalecer las capacidades operativas del Cuerpo de Bomberos de Puerto Williams, marcando as\u00ed un nuevo avance en la descentralizaci\u00f3n de los recursos y el fortalecimiento de las comunidades locales.&nbsp;<\/p>\n\n\n\n<p>En la comuna de Punta Arenas se sancion\u00f3 el dise\u00f1o del mejoramiento de <strong>diversas v\u00edas del sector Cerro de la Cruz<\/strong>. La iniciativa, que contempla una inversi\u00f3n de $67 millones, busca mejorar el est\u00e1ndar de calidad de las calles Se\u00f1oret, Fagnano y Waldo Seguel, incluyendo la renovaci\u00f3n de calzadas, veredas con accesibilidad universal, se\u00f1alizaci\u00f3n, iluminaci\u00f3n y la recuperaci\u00f3n del valor patrimonial del empedrado tradicional en dos de sus tramos. El dise\u00f1o ser\u00e1 participativo y considera la voluntad de los vecinos para definir los materiales.<em> \u00ab<\/em>Las autoridades competentes nos aclararon desde la Seremi y desde el Ministerio de Obras P\u00fablicas que esto iba a ser participativo y que iba a primar la voluntad de los vecinos<em>\u00ab, <\/em>coment\u00f3 el <strong>Consejero Rodolfo Arecheta.<\/strong>&nbsp;<\/p>\n\n\n\n<p>Durante la sesi\u00f3n, el <strong>Consejero Antonio Bradasic,<\/strong> tambi\u00e9n subray\u00f3 la importancia de contar con la visi\u00f3n ciudadana:\u00a0\u00abNos parece adecuado mantener el empedrado como testimonio hist\u00f3rico, pero este no debe ser un proyecto impuesto, sino participativo. El mal estado actual de las calles impide el normal tr\u00e1nsito de peatones y veh\u00edculos.\u00bb\u00a0<\/p>\n\n\n\n<p>En tanto, el <strong>Consejero Max Salas<\/strong> valor\u00f3 el enfoque patrimonial, pero tambi\u00e9n llam\u00f3 a priorizar la calidad de vida de los habitantes:\u00a0<em>\u00ab<\/em>El dise\u00f1o se van a contemplar alternativas incluso para recoger el valor testimonial de esas obras, pero sin que eso implique someter al martirio de los adultos mayores y de las personas que habitan el sector<em>.\u00bb<\/em>\u00a0<\/p>\n\n\n\n<p>Posteriormente, fue favorecida la solicitud realizada por el Cuerpo de Bomberos de Puerto Williams, respecto a la concesi\u00f3n de uso gratuito por cinco a\u00f1os del terreno fiscal Lote B-28. El <strong>Consejero Jos\u00e9 Luis Paredes,<\/strong> representante de la Provincia Ant\u00e1rtica, felicit\u00f3 la aprobaci\u00f3n y agradeci\u00f3 a sus colegas se\u00f1alando: \u00abBomberos de Puerto Williams siempre ha destacado por su actuar preventivo. Esta concesi\u00f3n les otorga una herramienta concreta para seguir trabajando con excelencia y capacitarse sin las dificultades log\u00edsticas que hoy enfrentan.\u00bb&nbsp;<\/p>\n\n\n\n<p>El terreno ser\u00e1 destinado a la implementaci\u00f3n de un campo de entrenamiento y dependencias para capacitaci\u00f3n certificada, lo que permitir\u00e1 formar voluntarios sin necesidad de trasladarse fuera de la comuna, reduciendo costos y tiempos de respuesta.&nbsp;<\/p>\n\n\n\n<p>Sobre el punto, el <strong>Consejero V\u00edctor P\u00e9rez<\/strong>, quien tambi\u00e9n representa al territorio, recalc\u00f3 el beneficio que representa para la comunidad:\u00a0\u00a0\u00abNo es plata perdida, es una inversi\u00f3n para toda la comunidad. El campo de entrenamiento permitir\u00e1 contar con voluntarios mejor preparados, y las piscinas de emergencia que se instalar\u00e1n tambi\u00e9n ayudar\u00e1n ante posibles incendios\u00bb<\/p>\n","protected":false},"excerpt":{"rendered":"<p>Durante el pleno de esta tarde, el Consejo aprob\u00f3 mejorar la infraestructura urbana en Punta Arenas y fortalecer las capacidades operativas del Cuerpo de Bomberos de Puerto Williams, marcando as\u00ed&#8230; <a class=\"read-more\" href=\"https:\/\/www.radiopresidenteibanez.cl\/web\/consejo-regional-respalda-concesion-para-centro-de-entrenamiento-de-bomberos-en-puerto-williams\/\">Leer m\u00e1s<\/a><\/p>\n","protected":false},"author":2,"featured_media":55832,"comment_status":"closed","ping_status":"closed","sticky":false,"template":"","format":"standard","meta":{"footnotes":""},"categories":[1],"tags":[],"class_list":["post-55831","post","type-post","status-publish","format-standard","has-post-thumbnail","hentry","category-cronica"],"_links":{"self":[{"href":"https:\/\/www.radiopresidenteibanez.cl\/web\/wp-json\/wp\/v2\/posts\/55831","targetHints":{"allow":["GET"]}}],"collection":[{"href":"https:\/\/www.radiopresidenteibanez.cl\/web\/wp-json\/wp\/v2\/posts"}],"about":[{"href":"https:\/\/www.radiopresidenteibanez.cl\/web\/wp-json\/wp\/v2\/types\/post"}],"author":[{"embeddable":true,"href":"https:\/\/www.radiopresidenteibanez.cl\/web\/wp-json\/wp\/v2\/users\/2"}],"replies":[{"embeddable":true,"href":"https:\/\/www.radiopresidenteibanez.cl\/web\/wp-json\/wp\/v2\/comments?post=55831"}],"version-history":[{"count":0,"href":"https:\/\/www.radiopresidenteibanez.cl\/web\/wp-json\/wp\/v2\/posts\/55831\/revisions"}],"wp:featuredmedia":[{"embeddable":true,"href":"https:\/\/www.radiopresidenteibanez.cl\/web\/wp-json\/wp\/v2\/media\/55832"}],"wp:attachment":[{"href":"https:\/\/www.radiopresidenteibanez.cl\/web\/wp-json\/wp\/v2\/media?parent=55831"}],"wp:term":[{"taxonomy":"category","embeddable":true,"href":"https:\/\/www.radiopresidenteibanez.cl\/web\/wp-json\/wp\/v2\/categories?post=55831"},{"taxonomy":"post_tag","embeddable":true,"href":"https:\/\/www.radiopresidenteibanez.cl\/web\/wp-json\/wp\/v2\/tags?post=55831"}],"curies":[{"name":"wp","href":"https:\/\/api.w.org\/{rel}","templated":true}]}}