{"id":55826,"date":"2025-04-21T18:59:00","date_gmt":"2025-04-21T21:59:00","guid":{"rendered":"https:\/\/www.radiopresidenteibanez.cl\/web\/?p=55826"},"modified":"2025-04-21T16:02:56","modified_gmt":"2025-04-21T19:02:56","slug":"gobierno-anuncia-construccion-de-nuevo-parque-urbano-en-el-corazon-del-barrio-archipielago-de-chiloe","status":"publish","type":"post","link":"https:\/\/www.radiopresidenteibanez.cl\/web\/gobierno-anuncia-construccion-de-nuevo-parque-urbano-en-el-corazon-del-barrio-archipielago-de-chiloe\/","title":{"rendered":"Gobierno anuncia construcci\u00f3n de nuevo parque urbano en el coraz\u00f3n del barrio Archipielago de Chiloe"},"content":{"rendered":"\n<p>junto a vecinos, vecinas, y los peque\u00f1os del nivel medio menor de<br>jard\u00edn infantil Archipi\u00e9lago de Chilo\u00e9, autoridades regionales del Gobierno del<br>Presidente Gabriel Boric anunciaron la construcci\u00f3n de un nuevo parque urbano<br>para la ciudad, en el coraz\u00f3n del barrio situado en el sector sur de Punta Arenas.<br>As\u00ed lo anunciaron en terreno el Delegado Presidencial Jos\u00e9 Ruiz, Seremi de<br>Gobierno Andro Mimica, Seremi de Obras P\u00fablicas Jos\u00e9 Luis Hern\u00e1ndez, Seremi<br>de Educaci\u00f3n Valent\u00edn Aguilera, y el Presidente de la Junta de Vecinos N\u00famero 48<br>Goleta Ancud, Bernardo Parra, destac\u00e1ndose que las obras de infraestructura son<br>m\u00e1s que cemento, son obras que transforman la vida de las personas, entregando<br>seguridad y calidad de vida.<br>El Seremi de Obras P\u00fablicas, Jos\u00e9 Luis Hern\u00e1ndez, destac\u00f3 que esta iniciativa<br>complementa el cuarto parque urbano que iniciar\u00e1 su construcci\u00f3n antes de marzo<br>de 2026, junto al de Villa Alfredo Lorca, Estero Llau Llau y el de Villa las Nieves,<br>todos a ejecutarse por la Direcci\u00f3n de Obras Hidr\u00e1ulicas del MOP.<br>El Delegado Jos\u00e9 Ruiz, destac\u00f3 que \u201ctenemos un firme compromiso con hacer<br>ciudades m\u00e1s justas y crear parques y llevar la inversi\u00f3n p\u00fablica a sectores donde<br>tradicionalmente no llega la inversi\u00f3n p\u00fablica. Por ejemplo, tenemos tres proyectos<br>m\u00e1s parques urbanos, en el sector de la Villa Alfredo Lorca, frente a la Ra\u00fal Silva<br>Henr\u00edquez y tambi\u00e9n en Villa Las Nieves, que ya est\u00e1 en licitaci\u00f3n con una<br>inversi\u00f3n de 10.000 millones de pesos aproximadamente. Tambi\u00e9n en el sector<br>sur, arriba de la Nelda Panicucci, va a estar el Parque Los Vientos, al lado del plan<br>urbano habitacional, y en este lugar, a nuestra espalda est\u00e1 el Chorrillo<br>Magdalena, que va a haber una importante inversi\u00f3n de un poco m\u00e1s de 3 .000<br>millones de pesos, con una superficie sobre tres hect\u00e1reas que se van a intervenir<br>para generar un tambi\u00e9n parque urbano ac\u00e1 en el sector del Archipi\u00e9lago de<br>Chilo\u00e9\u201d.<br>A\u00f1adi\u00f3 Ruiz que \u201ccuando se hacen parques se va generando m\u00e1s comunidad,<br>estamos justamente con un jard\u00edn infantil, los ni\u00f1os, ni\u00f1as del sector van a tener<br>m\u00e1s lugares, espacios p\u00fablicos para poder recrearse los fines de semana y as\u00ed<br>estamos haciendo ciudades m\u00e1s justas, as\u00ed estamos teniendo una mirada de<br>equidad territorial y vamos haciendo m\u00e1s comunidad en los barrios y si hay m\u00e1s<br>comunidad tambi\u00e9n hay m\u00e1s seguridad\u201d.<br>As\u00ed lo destac\u00f3 igualmente el presidente de la Junta de Vecinos N\u00famero 48 Goleta<br>Ancud, Bernardo Parra, manifestando que: \u201cPara nosotros es s\u00faper importante<br>poder mejorar nuestro entorno en cuanto al acceso para nuestros vecinos,<br>tambi\u00e9n el programa que tiene el gobierno con lo que se va a realizar en este lugar<\/p>\n\n\n\n<p>es maravilloso, porque ya va a haber un esparcimiento m\u00e1s para nuestros vecinos,<br>ya pueden no estar tan encerrados en sus casas los d\u00edas de verano, van a tener<br>un lugar de esparcimiento donde ellos puedan venir a jugar, a concentrarse, a<br>tener sus temas, as\u00ed que para nosotros que el lanzamiento del parque urbano<br>haya comenzado en este lugar es algo precioso, algo maravilloso. Y queremos<br>agradecer al Gobierno, que este sector haya sido tomado en cuenta en este<br>tiempo\u201d.<br>Finalmente, el Vocero de Gobierno Andro Mimica, destac\u00f3 la importancia de la<br>puesta en marcha de la red de parques urbanos, se\u00f1alando que \u201ctal como lo dec\u00eda<br>nuestro Delegado y nuestro seremi del Ministerio de Obras P\u00fablicas, es un<br>compromiso que tomamos abiertamente con el presidente Gabriel Boric, el que<br>nos pidi\u00f3 prioridad. Y nos pidi\u00f3 prioridad en sectores donde la inversi\u00f3n p\u00fablica no<br>estuviese desarrollada de forma como en el centro de la comuna, pero adem\u00e1s<br>con un componente que es muy importante, que estuvi\u00e9semos cerca de<br>establecimientos educacionales\u201d.<br>\u201cTal como lo hicimos hoy d\u00eda, lo hemos hecho en Villa Las Nieves, lo hemos hecho<br>en la Villa Alfredo Lorca, y tambi\u00e9n en la Silva Henr\u00edquez, y lo hacemos en<br>conjunto con las ni\u00f1as, con los ni\u00f1os, con los adolescentes, porque principalmente<br>este es un parque para las familias. Queremos recuperar los espacios p\u00fablicos<br>para la ciudadan\u00eda, y para eso tiene que haber un Estado presente, que hoy<br>hacemos a trav\u00e9s de este proyecto\u201d, concluy\u00f3 Mimica.<\/p>\n","protected":false},"excerpt":{"rendered":"<p>junto a vecinos, vecinas, y los peque\u00f1os del nivel medio menor dejard\u00edn infantil Archipi\u00e9lago de Chilo\u00e9, autoridades regionales del Gobierno delPresidente Gabriel Boric anunciaron la construcci\u00f3n de un nuevo parque&#8230; <a class=\"read-more\" href=\"https:\/\/www.radiopresidenteibanez.cl\/web\/gobierno-anuncia-construccion-de-nuevo-parque-urbano-en-el-corazon-del-barrio-archipielago-de-chiloe\/\">Leer m\u00e1s<\/a><\/p>\n","protected":false},"author":2,"featured_media":55827,"comment_status":"closed","ping_status":"closed","sticky":false,"template":"","format":"standard","meta":{"footnotes":""},"categories":[1],"tags":[],"class_list":["post-55826","post","type-post","status-publish","format-standard","has-post-thumbnail","hentry","category-cronica"],"_links":{"self":[{"href":"https:\/\/www.radiopresidenteibanez.cl\/web\/wp-json\/wp\/v2\/posts\/55826","targetHints":{"allow":["GET"]}}],"collection":[{"href":"https:\/\/www.radiopresidenteibanez.cl\/web\/wp-json\/wp\/v2\/posts"}],"about":[{"href":"https:\/\/www.radiopresidenteibanez.cl\/web\/wp-json\/wp\/v2\/types\/post"}],"author":[{"embeddable":true,"href":"https:\/\/www.radiopresidenteibanez.cl\/web\/wp-json\/wp\/v2\/users\/2"}],"replies":[{"embeddable":true,"href":"https:\/\/www.radiopresidenteibanez.cl\/web\/wp-json\/wp\/v2\/comments?post=55826"}],"version-history":[{"count":0,"href":"https:\/\/www.radiopresidenteibanez.cl\/web\/wp-json\/wp\/v2\/posts\/55826\/revisions"}],"wp:featuredmedia":[{"embeddable":true,"href":"https:\/\/www.radiopresidenteibanez.cl\/web\/wp-json\/wp\/v2\/media\/55827"}],"wp:attachment":[{"href":"https:\/\/www.radiopresidenteibanez.cl\/web\/wp-json\/wp\/v2\/media?parent=55826"}],"wp:term":[{"taxonomy":"category","embeddable":true,"href":"https:\/\/www.radiopresidenteibanez.cl\/web\/wp-json\/wp\/v2\/categories?post=55826"},{"taxonomy":"post_tag","embeddable":true,"href":"https:\/\/www.radiopresidenteibanez.cl\/web\/wp-json\/wp\/v2\/tags?post=55826"}],"curies":[{"name":"wp","href":"https:\/\/api.w.org\/{rel}","templated":true}]}}