{"id":55816,"date":"2025-04-21T15:13:00","date_gmt":"2025-04-21T18:13:00","guid":{"rendered":"https:\/\/www.radiopresidenteibanez.cl\/web\/?p=55816"},"modified":"2025-04-21T11:35:04","modified_gmt":"2025-04-21T14:35:04","slug":"minvu-impulsa-historica-inversion-publica-en-vivienda-servicios-y-espacios-publicos","status":"publish","type":"post","link":"https:\/\/www.radiopresidenteibanez.cl\/web\/minvu-impulsa-historica-inversion-publica-en-vivienda-servicios-y-espacios-publicos\/","title":{"rendered":"MINVU IMPULSA HISTORICA INVERSION PUBLICA EN VIVIENDA, SERVICIOS Y ESPACIOS PUBLICOS"},"content":{"rendered":"\n<figure class=\"wp-block-table\"><table class=\"has-fixed-layout\"><tbody><tr><td><\/td><\/tr><\/tbody><\/table><\/figure>\n\n\n\n<p>A trav\u00e9s del Plan Urbano Habitacional (PUH), el Ministerio de Vivienda y Urbanismo (Minvu) prepara una inversi\u00f3n regional que superar\u00e1 los 65 mil millones de pesos para consolidar una intervenci\u00f3n urbana in\u00e9dita en la comuna de Punta Arenas.<\/p>\n\n\n\n<p>Se trata de tres procesos de licitaci\u00f3n que actualmente est\u00e1n abiertos en la p\u00e1gina Minvu.cl y que permitir\u00e1n ejecutar obras habitacionales, de infraestructura y equipamientos esenciales en el sector surponiente de la ciudad. A estos se suma la construcci\u00f3n del proyecto \u201cCiudad de los Vientos\u201d, de 250 viviendas para sectores medios.<\/p>\n\n\n\n<p>Los tres proyectos en licitaci\u00f3n corresponden a la macrourbanizaci\u00f3n del PUH, adem\u00e1s de la construcci\u00f3n de un parque urbano de 2,3 hect\u00e1reas y el dise\u00f1o de especialidades para un nuevo Condominio de Viviendas Tuteladas destinado a personas mayores de Punta Arenas.<\/p>\n\n\n\n<p>\u201cEste paquete de proyectos representa una estrategia de desarrollo urbano integral, porque no s\u00f3lo estamos construyendo casas, estamos planificando una ciudad m\u00e1s justa: con barrios bien equipados, con buenas vialidades, con acceso a servicios, espacios p\u00fablicos de calidad y viviendas dignas con acceso a servicios b\u00e1sicos, \u00e1reas verdes, equipamiento comunitario y acceso a salud, educaci\u00f3n y cuidado infantil\u201d, destac\u00f3 el director (s) del SERVIU Magallanes,&nbsp;<strong>Omar Gonz\u00e1lez Asenjo<\/strong>.<\/p>\n\n\n\n<p><strong>Licitaciones SERVIU<\/strong><strong><\/strong><\/p>\n\n\n\n<p>La macrourbanizaci\u00f3n del PUH contempla una inversi\u00f3n de 26.849 millones de pesos y permitir\u00e1 habilitar m\u00e1s de 17 hect\u00e1reas con obras de pavimentaci\u00f3n, paisajismo, redes sanitarias, electricidad y gas, junto con la ejecuci\u00f3n de 8.766 metros cuadrados de \u00e1reas verdes.<\/p>\n\n\n\n<p>A esto se suma la licitaci\u00f3n del Parque Urbano \u201cLos Vientos\u201d, con una inversi\u00f3n de 7.247 millones de pesos. \u201cEste parque se proyecta como un espacio p\u00fablico central para el nuevo barrio, con senderos, equipamiento recreativo, zonas de permanencia y paisajismo, promoviendo la vida comunitaria y el bienestar urbano\u201d, explic\u00f3 el director (s) del SERVIU.<\/p>\n\n\n\n<p>Adem\u00e1s, se licitar\u00e1 el dise\u00f1o de especialidades del tercer Condominio de Viviendas Tuteladas de Punta Arenas, por un monto cercano a los 50 millones de pesos, que entregar\u00e1 20 nuevas soluciones habitacionales para personas mayores autovalentes de la comuna.<\/p>\n\n\n\n<p>\u201cEste tipo de soluciones busca entregar viviendas con acompa\u00f1amiento psicosocial, accesibilidad universal y espacios comunitarios acondicionados, respondiendo a una necesidad creciente en el pa\u00eds y aline\u00e1ndose con los principios del Sistema Nacional de Apoyos y Cuidados, Chile Cuida\u201d, agreg\u00f3.<\/p>\n\n\n\n<p><strong>Ciudad de los Vientos<\/strong><strong><\/strong><\/p>\n\n\n\n<p>Estas obras acompa\u00f1ar\u00e1n la ejecuci\u00f3n del proyecto habitacional \u201cCiudad de los Vientos\u201d, que considera 250 viviendas para familias vulnerables, emergentes y de sectores medios con subsidios sin aplicar. Actualmente est\u00e1 en marcha con un 5% de avance y una inversi\u00f3n de 31 mil millones de pesos, aportados por el Minvu y el Gobierno Regional.<\/p>\n\n\n\n<p>\u201cEste proyecto considera desde el inicio los elementos que hacen de un barrio un espacio habitable y sustentable: \u00e1reas verdes, conectividad, equipamiento p\u00fablico, comercio local y vivienda social integrada. Es una intervenci\u00f3n que mejora la calidad de vida y rompe con la l\u00f3gica de urbanizaci\u00f3n dispersa que caracteriz\u00f3 a otras \u00e9pocas\u201d, indic\u00f3 el director (s) del SERVIU.<\/p>\n\n\n\n<p>El proyecto habitacional \u201cCiudad de los Vientos\u201d se desarrollada bajo el programa DS19 de Integraci\u00f3n Social y Territorial, que busca disminuir el d\u00e9ficit habitacional de sectores medios acumulado desde el a\u00f1o 2018 en la regi\u00f3n. Las viviendas se emplazar\u00e1n junto al parque, el futuro CESFAM, un jard\u00edn infantil JUNJI y un establecimiento educacional, consolidando un modelo de ciudad compacta y con servicios integrados.<\/p>\n\n\n\n<p>\u201cEl Plan Urbano Habitacional de Punta Arenas es una muestra concreta de c\u00f3mo el Minvu articula pol\u00edticas p\u00fablicas en el territorio para reducir desigualdades, acercar servicios a las personas y garantizar el acceso equitativo al desarrollo urbano. Su ejecuci\u00f3n marcar\u00e1 un hito en la planificaci\u00f3n urbana de la regi\u00f3n y en la forma en que el Estado construye ciudad desde una perspectiva de derechos\u201d, finaliz\u00f3 la autoridad.<\/p>\n","protected":false},"excerpt":{"rendered":"<p>A trav\u00e9s del Plan Urbano Habitacional (PUH), el Ministerio de Vivienda y Urbanismo (Minvu) prepara una inversi\u00f3n regional que superar\u00e1 los 65 mil millones de pesos para consolidar una intervenci\u00f3n&#8230; <a class=\"read-more\" href=\"https:\/\/www.radiopresidenteibanez.cl\/web\/minvu-impulsa-historica-inversion-publica-en-vivienda-servicios-y-espacios-publicos\/\">Leer m\u00e1s<\/a><\/p>\n","protected":false},"author":2,"featured_media":55817,"comment_status":"closed","ping_status":"closed","sticky":false,"template":"","format":"standard","meta":{"footnotes":""},"categories":[1],"tags":[],"class_list":["post-55816","post","type-post","status-publish","format-standard","has-post-thumbnail","hentry","category-cronica"],"_links":{"self":[{"href":"https:\/\/www.radiopresidenteibanez.cl\/web\/wp-json\/wp\/v2\/posts\/55816","targetHints":{"allow":["GET"]}}],"collection":[{"href":"https:\/\/www.radiopresidenteibanez.cl\/web\/wp-json\/wp\/v2\/posts"}],"about":[{"href":"https:\/\/www.radiopresidenteibanez.cl\/web\/wp-json\/wp\/v2\/types\/post"}],"author":[{"embeddable":true,"href":"https:\/\/www.radiopresidenteibanez.cl\/web\/wp-json\/wp\/v2\/users\/2"}],"replies":[{"embeddable":true,"href":"https:\/\/www.radiopresidenteibanez.cl\/web\/wp-json\/wp\/v2\/comments?post=55816"}],"version-history":[{"count":0,"href":"https:\/\/www.radiopresidenteibanez.cl\/web\/wp-json\/wp\/v2\/posts\/55816\/revisions"}],"wp:featuredmedia":[{"embeddable":true,"href":"https:\/\/www.radiopresidenteibanez.cl\/web\/wp-json\/wp\/v2\/media\/55817"}],"wp:attachment":[{"href":"https:\/\/www.radiopresidenteibanez.cl\/web\/wp-json\/wp\/v2\/media?parent=55816"}],"wp:term":[{"taxonomy":"category","embeddable":true,"href":"https:\/\/www.radiopresidenteibanez.cl\/web\/wp-json\/wp\/v2\/categories?post=55816"},{"taxonomy":"post_tag","embeddable":true,"href":"https:\/\/www.radiopresidenteibanez.cl\/web\/wp-json\/wp\/v2\/tags?post=55816"}],"curies":[{"name":"wp","href":"https:\/\/api.w.org\/{rel}","templated":true}]}}