{"id":55813,"date":"2025-04-21T13:17:00","date_gmt":"2025-04-21T16:17:00","guid":{"rendered":"https:\/\/www.radiopresidenteibanez.cl\/web\/?p=55813"},"modified":"2025-04-21T11:23:56","modified_gmt":"2025-04-21T14:23:56","slug":"hyst-destaca-crecimiento-en-visitas-pero-advierte-que-falta-de-datos-limita-el-desarrollo-del-destino","status":"publish","type":"post","link":"https:\/\/www.radiopresidenteibanez.cl\/web\/hyst-destaca-crecimiento-en-visitas-pero-advierte-que-falta-de-datos-limita-el-desarrollo-del-destino\/","title":{"rendered":"HYST destaca crecimiento en visitas, pero advierte que falta de datos limita el desarrollo del destino"},"content":{"rendered":"\n<p>La industria tur\u00edstica en la Regi\u00f3n de Magallanes sigue dando se\u00f1ales positivas de recuperaci\u00f3n y consolidaci\u00f3n. Seg\u00fan los datos entregados hoy por CONAF, las visitas al Parque Nacional Torres del Paine se incrementaron en un 15% durante los meses de enero y febrero de 2025, en comparaci\u00f3n con el mismo per\u00edodo de 2024.<br>Asimismo, si se considera el acumulado de la temporada tur\u00edstica, que va desde septiembre de<br>2024 hasta febrero de 2025, el aumento alcanza un 43%. Crecimiento que refleja el esfuerzo<br>mancomunado entre el sector p\u00fablico y privado, ademas de la alta valoraci\u00f3n internacional de la<br>Octava Maravilla.<br>Sin embargo, desde la Asociaci\u00f3n de Hoteles y Servicios de Torres del Paine, HYST, existe gran<br>preocupaci\u00f3n por la demora y dificultad para acceder a esta informaci\u00f3n crucial.<br>\u201cNos alegra ver un crecimiento tan relevante los visitantes, pero es inaceptable que como sector<br>tengamos que esperar meses para conocer estos datos. Necesitamos estad\u00edsticas actualizadas,<br>precisas y accesibles. Este debe ser un compromiso real del Estado con el desarrollo tur\u00edstico de la<br>regi\u00f3n\u201d, coment\u00f3 la gerente de HYST, Sara Adema.<br>A\u00f1adi\u00f3 que, \u201cacceder a estos registros implica solicitarlos a trav\u00e9s de la Ley de Transparencia, un<br>proceso\u00a0lento, burocr\u00e1tico y con resultados poco claros. Esta situaci\u00f3n limita gravemente la<br>planificaci\u00f3n, promoci\u00f3n y toma de decisiones estrat\u00e9gicas tanto del sector privado como de los<br>organismos p\u00fablicos que trabajan por el desarrollo del turismo\u201d.<br>Asimism, manifest\u00f3 su inquietud por la calidad de los datos entregados \u201cnos\u00a0preocupa la calidad<br>de los registros, ya que gran cantidad de ellos no cuentan con detallada. Esto distorsiona la<br>caracterizaci\u00f3n de los mercados emisores y dificulta la realizaci\u00f3n de un an\u00e1lisis serio sobre el<br>comportamiento tur\u00edstico del parque\u201d.<br>Finalmente, reiter\u00f3 el compromiso de la asociaci\u00f3n con el desarrollo del destino y con el trabajo<br>colaborativo entre los distintos actores, esfuerzos que permiten\u00a0una gesti\u00f3n eficiente, basada en<br>informaci\u00f3n transparente, actualizada y de calidad, que es indispensable para consolidar a Torres<br>del Paine como uno de los destinos m\u00e1s importantes del mundo.<\/p>\n","protected":false},"excerpt":{"rendered":"<p>La industria tur\u00edstica en la Regi\u00f3n de Magallanes sigue dando se\u00f1ales positivas de recuperaci\u00f3n y consolidaci\u00f3n. Seg\u00fan los datos entregados hoy por CONAF, las visitas al Parque Nacional Torres del&#8230; <a class=\"read-more\" href=\"https:\/\/www.radiopresidenteibanez.cl\/web\/hyst-destaca-crecimiento-en-visitas-pero-advierte-que-falta-de-datos-limita-el-desarrollo-del-destino\/\">Leer m\u00e1s<\/a><\/p>\n","protected":false},"author":2,"featured_media":55814,"comment_status":"closed","ping_status":"closed","sticky":false,"template":"","format":"standard","meta":{"footnotes":""},"categories":[1],"tags":[],"class_list":["post-55813","post","type-post","status-publish","format-standard","has-post-thumbnail","hentry","category-cronica"],"_links":{"self":[{"href":"https:\/\/www.radiopresidenteibanez.cl\/web\/wp-json\/wp\/v2\/posts\/55813","targetHints":{"allow":["GET"]}}],"collection":[{"href":"https:\/\/www.radiopresidenteibanez.cl\/web\/wp-json\/wp\/v2\/posts"}],"about":[{"href":"https:\/\/www.radiopresidenteibanez.cl\/web\/wp-json\/wp\/v2\/types\/post"}],"author":[{"embeddable":true,"href":"https:\/\/www.radiopresidenteibanez.cl\/web\/wp-json\/wp\/v2\/users\/2"}],"replies":[{"embeddable":true,"href":"https:\/\/www.radiopresidenteibanez.cl\/web\/wp-json\/wp\/v2\/comments?post=55813"}],"version-history":[{"count":0,"href":"https:\/\/www.radiopresidenteibanez.cl\/web\/wp-json\/wp\/v2\/posts\/55813\/revisions"}],"wp:featuredmedia":[{"embeddable":true,"href":"https:\/\/www.radiopresidenteibanez.cl\/web\/wp-json\/wp\/v2\/media\/55814"}],"wp:attachment":[{"href":"https:\/\/www.radiopresidenteibanez.cl\/web\/wp-json\/wp\/v2\/media?parent=55813"}],"wp:term":[{"taxonomy":"category","embeddable":true,"href":"https:\/\/www.radiopresidenteibanez.cl\/web\/wp-json\/wp\/v2\/categories?post=55813"},{"taxonomy":"post_tag","embeddable":true,"href":"https:\/\/www.radiopresidenteibanez.cl\/web\/wp-json\/wp\/v2\/tags?post=55813"}],"curies":[{"name":"wp","href":"https:\/\/api.w.org\/{rel}","templated":true}]}}